{"id":90,"date":"2012-11-27T20:08:10","date_gmt":"2012-11-27T18:08:10","guid":{"rendered":"http:\/\/59261093.swh.strato-hosting.eu\/wordpress\/?p=90"},"modified":"2012-11-27T20:08:10","modified_gmt":"2012-11-27T18:08:10","slug":"erfolgreiche-gurtelprufung-fur-maulbronner-karateka","status":"publish","type":"post","link":"http:\/\/www.karate-maulbronn.de\/?p=90","title":{"rendered":"Erfolgreiche G\u00fcrtelpr\u00fcfung f\u00fcr Maulbronner Karateka"},"content":{"rendered":"<p>Am Samstag, dem 20.10.2012, und Sonntag, dem 21.10.2012, stellten sich sechs Pr\u00fcflinge des IGKR S\u00fcd im Budokan Heilbronn ihrer Dan-Pr\u00fcfung. Samstags leiteten die Pr\u00fcfer Tokio Funasako und Ajlan Sahin den Pr\u00fcfungsvorbereitungslehrgang, der den angehenden Schwarzgurt-Tr\u00e4gern und den h\u00f6her graduierten Dan-Tr\u00e4gern konditionell und karatetechnisch einiges abverlangte.<br \/>\nSo wurden Grundtechniken, Partner\u00fcbungen, Wurftechniken, Katas und Kombinationen,<br \/>\nausf\u00fchlich gezeigt und ge\u00fcbt. Die Pr\u00fcfer legten gro\u00dfen Wert auf korrekte und explosive<br \/>\nTechnikausf\u00fchrung, zeigten wichtige Einzelheiten und gingen immer wieder geduldig auf<br \/>\nFragen ein. Zum Beispiel solle bei einem Fauststo\u00df (Zuki) die Energie des Zielpunktes nicht unmittelbar in die N\u00e4he, sondern in vielen Millionen Kilometern Entfernung gelenkt werden (so Sensei Funasako).<br \/>\nWeiterhin sei es wichtig, die Techniken nicht nur \u00e4u\u00dferlich, sondern von Innen heraus zu \u00fcben.<br \/>\nDie Meister haben es geschafft, jeden der Teilnehmer an seine Leistungsgrenze zu bringen.<br \/>\nDer Schwei\u00df flo\u00df in Str\u00f6men und dennoch hatten Pr\u00fcfer und Pr\u00fcflinge, bei einer sch\u00f6nen Tasse japanischen Tee in der Pause, Gelegenheit Erfahrungen auszutauschen. Am Ende des ersten Tages trennten sich alle ersch\u00f6pft aber zufrieden, denn jeder hatte das Gef\u00fchl, gut vorbereitet in den wichtigen Pr\u00fcfungstag zu gehen.<\/p>\n<p>Am Sonntag wurde es ernst: Jeder der Pr\u00fcflinge, im Alter von 20 bis 58 Jahren, gab sein Bestes, um unter den strengen Augen der Pr\u00fcfer Grundtechnik, Kihon Ido, Partner\u00fcbungen, W\u00fcrfe und Katas, sowie Jiyu Kumite auf Dangrad-Niveau zu zeigen. Am Ende hatte sich die, teilweise jahrelange, Vorbereitung gelohnt.<br \/>\nSensei Funasako gab uns noch etwas sehr wichtiges mit auf den Weg:<br \/>\n&#8222;Vergesst niemals das Gef\u00fchl, wie es war, als Ihr Anf\u00e4nger wart &#8211; und lernt mit diesem Gef\u00fchl immer weiter.&#8220;<br \/>\nZum Abschlu\u00df gingen die Meister mit ihren Sch\u00fctzlingen noch zum Italiener Essen, um das Wochenende ausklingen zu lassen.<br \/>\nWir danken unseren Senseis herzlich f\u00fcr die gute Vorbereitung, das Gemeinschaftsgef\u00fchl und eine, trotz aller Anstrengungen, sch\u00f6nen Pr\u00fcfung.<\/p>\n<p>Es bestanden zum<\/p>\n<p>1.Dan: Christian Block (Maulbronn)<br \/>\nMatthias Fuchs (\u00d6stringen)<br \/>\nWaldemar Maier (Maulbronn)<br \/>\n2.Dan: Adrian Funk (Maulbronn)<br \/>\n3.Dan: Stephan Krack (Maulbronn)<br \/>\n4.Dan: Sonja Ehmend\u00f6rfer (Pforzheim)<\/p>\n<p>(Sonja Ehmend\u00f6rfer)<\/p>\n<p><a href=\"http:\/\/59261093.swh.strato-hosting.eu\/wordpress\/?attachment_id=91\" rel=\"attachment wp-att-91\"><img loading=\"lazy\" decoding=\"async\" class=\"aligncenter size-full wp-image-91\" title=\"DanPruefung2012\" src=\"http:\/\/59261093.swh.strato-hosting.eu\/wordpress\/wp-content\/uploads\/2012\/11\/DanPruefung2012.jpg\" alt=\"\" width=\"800\" height=\"600\" \/><\/a><\/p>\n","protected":false},"excerpt":{"rendered":"<p>Am Samstag, dem 20.10.2012, und Sonntag, dem 21.10.2012, stellten sich sechs Pr\u00fcflinge des IGKR S\u00fcd im Budokan Heilbronn ihrer Dan-Pr\u00fcfung. Samstags leiteten die Pr\u00fcfer Tokio Funasako und Ajlan Sahin den Pr\u00fcfungsvorbereitungslehrgang, der den angehenden Schwarzgurt-Tr\u00e4gern und den h\u00f6her graduierten Dan-Tr\u00e4gern konditionell und karatetechnisch einiges abverlangte. So wurden Grundtechniken, Partner\u00fcbungen, Wurftechniken, Katas und Kombinationen, ausf\u00fchlich gezeigt [&hellip;]<\/p>\n","protected":false},"author":8,"featured_media":0,"comment_status":"closed","ping_status":"closed","sticky":false,"template":"","format":"standard","meta":{"footnotes":""},"categories":[1],"tags":[],"class_list":["post-90","post","type-post","status-publish","format-standard","hentry","category-allgemein"],"_links":{"self":[{"href":"http:\/\/www.karate-maulbronn.de\/index.php?rest_route=\/wp\/v2\/posts\/90","targetHints":{"allow":["GET"]}}],"collection":[{"href":"http:\/\/www.karate-maulbronn.de\/index.php?rest_route=\/wp\/v2\/posts"}],"about":[{"href":"http:\/\/www.karate-maulbronn.de\/index.php?rest_route=\/wp\/v2\/types\/post"}],"author":[{"embeddable":true,"href":"http:\/\/www.karate-maulbronn.de\/index.php?rest_route=\/wp\/v2\/users\/8"}],"replies":[{"embeddable":true,"href":"http:\/\/www.karate-maulbronn.de\/index.php?rest_route=%2Fwp%2Fv2%2Fcomments&post=90"}],"version-history":[{"count":1,"href":"http:\/\/www.karate-maulbronn.de\/index.php?rest_route=\/wp\/v2\/posts\/90\/revisions"}],"predecessor-version":[{"id":92,"href":"http:\/\/www.karate-maulbronn.de\/index.php?rest_route=\/wp\/v2\/posts\/90\/revisions\/92"}],"wp:attachment":[{"href":"http:\/\/www.karate-maulbronn.de\/index.php?rest_route=%2Fwp%2Fv2%2Fmedia&parent=90"}],"wp:term":[{"taxonomy":"category","embeddable":true,"href":"http:\/\/www.karate-maulbronn.de\/index.php?rest_route=%2Fwp%2Fv2%2Fcategories&post=90"},{"taxonomy":"post_tag","embeddable":true,"href":"http:\/\/www.karate-maulbronn.de\/index.php?rest_route=%2Fwp%2Fv2%2Ftags&post=90"}],"curies":[{"name":"wp","href":"https:\/\/api.w.org\/{rel}","templated":true}]}}