{"id":825,"date":"2017-04-10T10:20:15","date_gmt":"2017-04-10T08:20:15","guid":{"rendered":"http:\/\/59261093.swh.strato-hosting.eu\/wordpress\/?p=825"},"modified":"2017-04-10T10:20:15","modified_gmt":"2017-04-10T08:20:15","slug":"guertelpruefungen-beim-karateverein-maulbronn","status":"publish","type":"post","link":"http:\/\/www.karate-maulbronn.de\/?p=825","title":{"rendered":"G\u00fcrtelpr\u00fcfungen beim Karateverein Maulbronn"},"content":{"rendered":"<p>Vor den Osterferien fanden beim Karateverein Maulbronn wieder Pr\u00fcfungen statt, bei denen es darum ging, neue Kyu-Grade, also G\u00fcrtel, zu erreichen.<br \/>\nNach guten Leistungen bestanden alle Pr\u00fcflinge ihre jeweilige Pr\u00fcfung.<br \/>\nIm Einzelnen waren es:<\/p>\n<p>9. Kyu (gelb-wei\u00df): Jason Ferkaluk, Andree Albert Jopp, Marie R\u00f6nfeld, David Roman-Serrat, Selena Saricicek, Erika Sedello, Z\u00fcmra Saydam, Ceylin Melek Tokg\u00f6z<br \/>\n8. Kyu (gelb): Jule Hopff, Andree Ille, Luca Roman-Serrat<br \/>\n7. Kyu (orange): Julia Berner, Anika Graf<br \/>\n6. Kyu (gr\u00fcn): Julian Grill<\/p>\n<p>Der Verein gratuliert zu den bestandenen Pr\u00fcfungen und w\u00fcnscht sch\u00f6ne Osterfeiertage. Das Training geht nach den Osterferien dann wieder, wie gewohnt, weiter.<\/p>\n<p>&nbsp;<\/p>\n<p><a href=\"http:\/\/59261093.swh.strato-hosting.eu\/wordpress\/?attachment_id=826\" rel=\"attachment wp-att-826\"><img loading=\"lazy\" decoding=\"async\" class=\"alignnone size-full wp-image-826\" src=\"http:\/\/59261093.swh.strato-hosting.eu\/wordpress\/wp-content\/uploads\/2017\/04\/PruefungApril2017.jpg\" alt=\"\" width=\"1024\" height=\"576\" srcset=\"http:\/\/www.karate-maulbronn.de\/wordpress\/wp-content\/uploads\/2017\/04\/PruefungApril2017.jpg 1024w, http:\/\/www.karate-maulbronn.de\/wordpress\/wp-content\/uploads\/2017\/04\/PruefungApril2017-800x450.jpg 800w, http:\/\/www.karate-maulbronn.de\/wordpress\/wp-content\/uploads\/2017\/04\/PruefungApril2017-768x432.jpg 768w\" sizes=\"auto, (max-width: 1024px) 100vw, 1024px\" \/><\/a><\/p>\n","protected":false},"excerpt":{"rendered":"<p>Vor den Osterferien fanden beim Karateverein Maulbronn wieder Pr\u00fcfungen statt, bei denen es darum ging, neue Kyu-Grade, also G\u00fcrtel, zu erreichen. Nach guten Leistungen bestanden alle Pr\u00fcflinge ihre jeweilige Pr\u00fcfung. Im Einzelnen waren es: 9. Kyu (gelb-wei\u00df): Jason Ferkaluk, Andree Albert Jopp, Marie R\u00f6nfeld, David Roman-Serrat, Selena Saricicek, Erika Sedello, Z\u00fcmra Saydam, Ceylin Melek Tokg\u00f6z [&hellip;]<\/p>\n","protected":false},"author":8,"featured_media":0,"comment_status":"closed","ping_status":"closed","sticky":false,"template":"","format":"standard","meta":{"footnotes":""},"categories":[1],"tags":[],"class_list":["post-825","post","type-post","status-publish","format-standard","hentry","category-allgemein"],"_links":{"self":[{"href":"http:\/\/www.karate-maulbronn.de\/index.php?rest_route=\/wp\/v2\/posts\/825","targetHints":{"allow":["GET"]}}],"collection":[{"href":"http:\/\/www.karate-maulbronn.de\/index.php?rest_route=\/wp\/v2\/posts"}],"about":[{"href":"http:\/\/www.karate-maulbronn.de\/index.php?rest_route=\/wp\/v2\/types\/post"}],"author":[{"embeddable":true,"href":"http:\/\/www.karate-maulbronn.de\/index.php?rest_route=\/wp\/v2\/users\/8"}],"replies":[{"embeddable":true,"href":"http:\/\/www.karate-maulbronn.de\/index.php?rest_route=%2Fwp%2Fv2%2Fcomments&post=825"}],"version-history":[{"count":1,"href":"http:\/\/www.karate-maulbronn.de\/index.php?rest_route=\/wp\/v2\/posts\/825\/revisions"}],"predecessor-version":[{"id":827,"href":"http:\/\/www.karate-maulbronn.de\/index.php?rest_route=\/wp\/v2\/posts\/825\/revisions\/827"}],"wp:attachment":[{"href":"http:\/\/www.karate-maulbronn.de\/index.php?rest_route=%2Fwp%2Fv2%2Fmedia&parent=825"}],"wp:term":[{"taxonomy":"category","embeddable":true,"href":"http:\/\/www.karate-maulbronn.de\/index.php?rest_route=%2Fwp%2Fv2%2Fcategories&post=825"},{"taxonomy":"post_tag","embeddable":true,"href":"http:\/\/www.karate-maulbronn.de\/index.php?rest_route=%2Fwp%2Fv2%2Ftags&post=825"}],"curies":[{"name":"wp","href":"https:\/\/api.w.org\/{rel}","templated":true}]}}