{"id":714,"date":"2016-09-12T19:15:35","date_gmt":"2016-09-12T17:15:35","guid":{"rendered":"http:\/\/59261093.swh.strato-hosting.eu\/wordpress\/?p=714"},"modified":"2016-09-12T19:15:35","modified_gmt":"2016-09-12T17:15:35","slug":"gebrauchte-karateanzuege-gesucht","status":"publish","type":"post","link":"http:\/\/www.karate-maulbronn.de\/?p=714","title":{"rendered":"Gebrauchte Karateanz\u00fcge gesucht"},"content":{"rendered":"<p>Der Karateverein sucht im Moment gebrauchte, nicht mehr ben\u00f6tigte Karateanz\u00fcge f\u00fcr die Aktion &#8222;Maulbronn hilft&#8220;.<\/p>\n<p>Wenn Sie noch Karateanz\u00fcge \u00fcbrig haben, w\u00fcrde es uns freuen, wenn Sie sich an unsere Vorsitzende Desiree Gode-Elchlepp wenden w\u00fcrden. Sie erreichen sie per E-Mail an rehelch@web.de<\/p>\n<p>Au\u00dferdem k\u00f6nnen Sie uns zu den \u00fcblichen Trainingszeiten Montag-, Mittwoch- und Freitagabend in der Silahopp-Halle erreichen. Nach den Ferien startet diese Woche wieder der normale Trainingsbetrieb. Die genauen Zeiten sind auch auf dieser website zu finden.<\/p>\n","protected":false},"excerpt":{"rendered":"<p>Der Karateverein sucht im Moment gebrauchte, nicht mehr ben\u00f6tigte Karateanz\u00fcge f\u00fcr die Aktion &#8222;Maulbronn hilft&#8220;. Wenn Sie noch Karateanz\u00fcge \u00fcbrig haben, w\u00fcrde es uns freuen, wenn Sie sich an unsere Vorsitzende Desiree Gode-Elchlepp wenden w\u00fcrden. Sie erreichen sie per E-Mail an rehelch@web.de Au\u00dferdem k\u00f6nnen Sie uns zu den \u00fcblichen Trainingszeiten Montag-, Mittwoch- und Freitagabend in [&hellip;]<\/p>\n","protected":false},"author":8,"featured_media":0,"comment_status":"closed","ping_status":"closed","sticky":false,"template":"","format":"standard","meta":{"footnotes":""},"categories":[1],"tags":[],"class_list":["post-714","post","type-post","status-publish","format-standard","hentry","category-allgemein"],"_links":{"self":[{"href":"http:\/\/www.karate-maulbronn.de\/index.php?rest_route=\/wp\/v2\/posts\/714","targetHints":{"allow":["GET"]}}],"collection":[{"href":"http:\/\/www.karate-maulbronn.de\/index.php?rest_route=\/wp\/v2\/posts"}],"about":[{"href":"http:\/\/www.karate-maulbronn.de\/index.php?rest_route=\/wp\/v2\/types\/post"}],"author":[{"embeddable":true,"href":"http:\/\/www.karate-maulbronn.de\/index.php?rest_route=\/wp\/v2\/users\/8"}],"replies":[{"embeddable":true,"href":"http:\/\/www.karate-maulbronn.de\/index.php?rest_route=%2Fwp%2Fv2%2Fcomments&post=714"}],"version-history":[{"count":1,"href":"http:\/\/www.karate-maulbronn.de\/index.php?rest_route=\/wp\/v2\/posts\/714\/revisions"}],"predecessor-version":[{"id":715,"href":"http:\/\/www.karate-maulbronn.de\/index.php?rest_route=\/wp\/v2\/posts\/714\/revisions\/715"}],"wp:attachment":[{"href":"http:\/\/www.karate-maulbronn.de\/index.php?rest_route=%2Fwp%2Fv2%2Fmedia&parent=714"}],"wp:term":[{"taxonomy":"category","embeddable":true,"href":"http:\/\/www.karate-maulbronn.de\/index.php?rest_route=%2Fwp%2Fv2%2Fcategories&post=714"},{"taxonomy":"post_tag","embeddable":true,"href":"http:\/\/www.karate-maulbronn.de\/index.php?rest_route=%2Fwp%2Fv2%2Ftags&post=714"}],"curies":[{"name":"wp","href":"https:\/\/api.w.org\/{rel}","templated":true}]}}