{"id":644,"date":"2016-02-24T23:07:25","date_gmt":"2016-02-24T21:07:25","guid":{"rendered":"http:\/\/59261093.swh.strato-hosting.eu\/wordpress\/?p=644"},"modified":"2016-02-24T23:07:25","modified_gmt":"2016-02-24T21:07:25","slug":"maulbronn-hat-eine-karate-bundeskampfrichterin","status":"publish","type":"post","link":"http:\/\/www.karate-maulbronn.de\/?p=644","title":{"rendered":"Maulbronn hat eine Karate-Bundeskampfrichterin!"},"content":{"rendered":"<p>Im Rahmen der East Open in Halle an der Saale fand dieses Jahr die Pr\u00fcfung zum Karate Bundeskampfrichter statt. Christiane Gode, Trainerin und Jugendwart im Karateverein Maulbronn, hatte sich nach ihrer erfolgreichen Karriere im Karateleistungssport dem Kampfrichterwesen zugewandt. Nach ihrer Pr\u00fcfung und Akkreditierung zur Landeskampfrichterin ist Christiane seit mehr als drei Jahren bei vielen nationalen und internationalen Turnieren aktiv. Aufmerksam wurde Bundeskampfrichterreferent Roland Lowinger auf Christiane anl\u00e4sslich des letztj\u00e4hrigen internationalen Krokoyama Cups in Koblenz, wo sie mit ihren hervorragenden Leistungen auffiel. Nach einer intensiven 12-monatigen Vorbereitung stellte sie sich am vergangenen Wochenende bei den East-Open Karate Championships dem strengen Pr\u00fcfergremium. Die 2-t\u00e4gige Pr\u00fcfung umfasst eine theoretische Pr\u00fcfung und einen praktischen Teil, jeweils \u00fcber die beiden Wettkampfdisziplinen im Karate, Kata und Kumite.<\/p>\n<p>Alle Pr\u00fcfungsteile bestand Christiane Gode mit Bravour und erhielt als einzige sowohl im Pr\u00fcfungsteil Kata wie auch im Pr\u00fcfungsteil Kumite eine Belobigung. Christiane ist nun eine der wenigen weiblichen Bundeskampfrichter in dem stark von M\u00e4nnern dominierten Kampfrichterwesen im Karatesport.<\/p>\n<p>&nbsp;<\/p>\n<p><a href=\"http:\/\/59261093.swh.strato-hosting.eu\/wordpress\/?attachment_id=645\" rel=\"attachment wp-att-645\"><img loading=\"lazy\" decoding=\"async\" class=\"alignnone size-full wp-image-645\" src=\"http:\/\/59261093.swh.strato-hosting.eu\/wordpress\/wp-content\/uploads\/2016\/02\/Bundeskampfrichterin.jpg\" alt=\"Bundeskampfrichterin\" width=\"800\" height=\"600\" \/><\/a><\/p>\n","protected":false},"excerpt":{"rendered":"<p>Im Rahmen der East Open in Halle an der Saale fand dieses Jahr die Pr\u00fcfung zum Karate Bundeskampfrichter statt. Christiane Gode, Trainerin und Jugendwart im Karateverein Maulbronn, hatte sich nach ihrer erfolgreichen Karriere im Karateleistungssport dem Kampfrichterwesen zugewandt. Nach ihrer Pr\u00fcfung und Akkreditierung zur Landeskampfrichterin ist Christiane seit mehr als drei Jahren bei vielen nationalen [&hellip;]<\/p>\n","protected":false},"author":8,"featured_media":0,"comment_status":"closed","ping_status":"closed","sticky":false,"template":"","format":"standard","meta":{"footnotes":""},"categories":[1],"tags":[],"class_list":["post-644","post","type-post","status-publish","format-standard","hentry","category-allgemein"],"_links":{"self":[{"href":"http:\/\/www.karate-maulbronn.de\/index.php?rest_route=\/wp\/v2\/posts\/644","targetHints":{"allow":["GET"]}}],"collection":[{"href":"http:\/\/www.karate-maulbronn.de\/index.php?rest_route=\/wp\/v2\/posts"}],"about":[{"href":"http:\/\/www.karate-maulbronn.de\/index.php?rest_route=\/wp\/v2\/types\/post"}],"author":[{"embeddable":true,"href":"http:\/\/www.karate-maulbronn.de\/index.php?rest_route=\/wp\/v2\/users\/8"}],"replies":[{"embeddable":true,"href":"http:\/\/www.karate-maulbronn.de\/index.php?rest_route=%2Fwp%2Fv2%2Fcomments&post=644"}],"version-history":[{"count":1,"href":"http:\/\/www.karate-maulbronn.de\/index.php?rest_route=\/wp\/v2\/posts\/644\/revisions"}],"predecessor-version":[{"id":646,"href":"http:\/\/www.karate-maulbronn.de\/index.php?rest_route=\/wp\/v2\/posts\/644\/revisions\/646"}],"wp:attachment":[{"href":"http:\/\/www.karate-maulbronn.de\/index.php?rest_route=%2Fwp%2Fv2%2Fmedia&parent=644"}],"wp:term":[{"taxonomy":"category","embeddable":true,"href":"http:\/\/www.karate-maulbronn.de\/index.php?rest_route=%2Fwp%2Fv2%2Fcategories&post=644"},{"taxonomy":"post_tag","embeddable":true,"href":"http:\/\/www.karate-maulbronn.de\/index.php?rest_route=%2Fwp%2Fv2%2Ftags&post=644"}],"curies":[{"name":"wp","href":"https:\/\/api.w.org\/{rel}","templated":true}]}}