{"id":630,"date":"2016-01-28T23:11:02","date_gmt":"2016-01-28T21:11:02","guid":{"rendered":"http:\/\/59261093.swh.strato-hosting.eu\/wordpress\/?p=630"},"modified":"2016-01-28T23:11:02","modified_gmt":"2016-01-28T21:11:02","slug":"sensationeller-zweiter-platz-fuer-david-und-5-platz-fuer-benedikt-beim-champions-cup-in-oesterreich","status":"publish","type":"post","link":"http:\/\/www.karate-maulbronn.de\/?p=630","title":{"rendered":"Sensationeller zweiter Platz f\u00fcr David und 5. Platz f\u00fcr Benedikt  beim Champions Cup in \u00d6sterreich"},"content":{"rendered":"<p><strong>Hard\/\u00d6sterreich<\/strong>. Mit Leontien, Tabea, Andr\u00e9, David und Benedikt ist der Karateverein Maulbronn am vergangenen Wochenende beim Champions-Cup in der N\u00e4he von Bregenz angetreten.<\/p>\n<p>David, der letztmals in der Juniorenklasse (U18 -68Kg) startete, wurde sensationell zweiter. Ebenfalls eine klasse Leistung zeigte Benedikt (U18 +74Kg) der einen respektablen 5. Platz erreichte.<\/p>\n<p>David k\u00e4mpfte in der ersten Runde gegen den Schweizer Marko Weinberger 1:1 unentschieden. Der Kampfrichterentscheid ging knapp zugunsten von Hofmeister (3:2) aus.<\/p>\n<p>In den darauffolgenden Kampf dominierte David seinen Gegner aus Trier. Im Poolfinale traf David dann auf Thomas Ollier. Souver\u00e4n besiegte er den Franzosen vorzeitig mit 10:2 Punkten. Im Finale musste David dann gegen den amtierenden Europameister Mike Kjaersgaard aus D\u00e4nemark antreten. In einem spannenden Kampf musste sich David am Schluss mit 0:2 Punkten geschlagen geben.<\/p>\n<p>Tabea und Leontien starteten beide bei der Jugend (U16) in der Gewichtsklasse \u00fcber 54 Kilogramm in verschiedenen Pools. Tabea schied gleich in der ersten Runde leider aus. Leontien gewann ihren ersten Kampf mit 6:1 Punkten. Im folgenden Kampf musste sie sich einer starken Italienerin mit 0:3 Punkten geschlagen geben. Andr\u00e9 k\u00e4mpfte in der Klasse U16 (-52 Kg). Den ersten Kampf gegen einen \u00d6sterreicher gewann er vorzeitig mit 8:0 Punkten. Im zweiten Kampf hatte Andr\u00e9 eine Mammutaufgabe. Er musste gegen den Vorjahressieger und Vizeweltmeister Enzo Berthon aus Frankreich antreten. Genau der hatte ihn letztes Jahr mit 8:0 Punkten besiegt. Andr\u00e9 f\u00fchrte schnell mit 1:0 Punkten und konnte das Ergebnis bis kurz vor Schluss halten. In den letzten 20 Sekunden landete sein Gegner dann doch noch einen Punkt und damit endete der Kampf unentschieden. Der anschlie\u00dfende Kampfrichterentscheid verlief dann zu Ungunsten von Andr\u00e9 der damit vorzeitig aus dem Turnier ausschied.<\/p>\n<p>Bei den Junioren (U 18) hatte es Benedikt in der h\u00f6chsten Gewichtsklasse<\/p>\n<p>\u00fcber 76 Kilogramm mit starken Gegnern und 20 Teilnehmern im Pool zu tun. Dennoch verlor er erst im dritten Kampf gegen Marcel Braun, dem sp\u00e4teren Turniergewinner aus der deutschen Nationalmannschaft . Im Kampf um Platz drei verlor Benedikt dann leider gegen den Schweizer Kevin Wagner. Damit blieb Benedikt der Platz auf dem Podest leider verwehrt.<\/p>\n<p>Eine klasse Leistung von allen, besonders von David, der \u00fcber sich hinausgewachsen ist.<\/p>\n<p>&nbsp;<\/p>\n<p><a href=\"http:\/\/59261093.swh.strato-hosting.eu\/wordpress\/?attachment_id=631\" rel=\"attachment wp-att-631\"><img loading=\"lazy\" decoding=\"async\" class=\"alignnone size-full wp-image-631\" src=\"http:\/\/59261093.swh.strato-hosting.eu\/wordpress\/wp-content\/uploads\/2016\/01\/Championscup2016_1.jpg\" alt=\"Championscup2016_1\" width=\"800\" height=\"533\" \/><\/a> <a href=\"http:\/\/59261093.swh.strato-hosting.eu\/wordpress\/?attachment_id=632\" rel=\"attachment wp-att-632\"><img loading=\"lazy\" decoding=\"async\" class=\"alignnone size-full wp-image-632\" src=\"http:\/\/59261093.swh.strato-hosting.eu\/wordpress\/wp-content\/uploads\/2016\/01\/Championscup2016_2.jpg\" alt=\"Championscup2016_2\" width=\"533\" height=\"800\" \/><\/a> <a href=\"http:\/\/59261093.swh.strato-hosting.eu\/wordpress\/?attachment_id=633\" rel=\"attachment wp-att-633\"><img loading=\"lazy\" decoding=\"async\" class=\"alignnone size-full wp-image-633\" src=\"http:\/\/59261093.swh.strato-hosting.eu\/wordpress\/wp-content\/uploads\/2016\/01\/Championscup2016_3.jpg\" alt=\"Championscup2016_3\" width=\"800\" height=\"533\" \/><\/a> <a href=\"http:\/\/59261093.swh.strato-hosting.eu\/wordpress\/?attachment_id=634\" rel=\"attachment wp-att-634\"><img loading=\"lazy\" decoding=\"async\" class=\"alignnone size-full wp-image-634\" src=\"http:\/\/59261093.swh.strato-hosting.eu\/wordpress\/wp-content\/uploads\/2016\/01\/Championscup2016_4.jpg\" alt=\"Championscup2016_4\" width=\"800\" height=\"533\" \/><\/a><\/p>\n","protected":false},"excerpt":{"rendered":"<p>Hard\/\u00d6sterreich. Mit Leontien, Tabea, Andr\u00e9, David und Benedikt ist der Karateverein Maulbronn am vergangenen Wochenende beim Champions-Cup in der N\u00e4he von Bregenz angetreten. David, der letztmals in der Juniorenklasse (U18 -68Kg) startete, wurde sensationell zweiter. Ebenfalls eine klasse Leistung zeigte Benedikt (U18 +74Kg) der einen respektablen 5. Platz erreichte. David k\u00e4mpfte in der ersten Runde [&hellip;]<\/p>\n","protected":false},"author":8,"featured_media":0,"comment_status":"closed","ping_status":"closed","sticky":false,"template":"","format":"standard","meta":{"footnotes":""},"categories":[1],"tags":[],"class_list":["post-630","post","type-post","status-publish","format-standard","hentry","category-allgemein"],"_links":{"self":[{"href":"http:\/\/www.karate-maulbronn.de\/index.php?rest_route=\/wp\/v2\/posts\/630","targetHints":{"allow":["GET"]}}],"collection":[{"href":"http:\/\/www.karate-maulbronn.de\/index.php?rest_route=\/wp\/v2\/posts"}],"about":[{"href":"http:\/\/www.karate-maulbronn.de\/index.php?rest_route=\/wp\/v2\/types\/post"}],"author":[{"embeddable":true,"href":"http:\/\/www.karate-maulbronn.de\/index.php?rest_route=\/wp\/v2\/users\/8"}],"replies":[{"embeddable":true,"href":"http:\/\/www.karate-maulbronn.de\/index.php?rest_route=%2Fwp%2Fv2%2Fcomments&post=630"}],"version-history":[{"count":1,"href":"http:\/\/www.karate-maulbronn.de\/index.php?rest_route=\/wp\/v2\/posts\/630\/revisions"}],"predecessor-version":[{"id":635,"href":"http:\/\/www.karate-maulbronn.de\/index.php?rest_route=\/wp\/v2\/posts\/630\/revisions\/635"}],"wp:attachment":[{"href":"http:\/\/www.karate-maulbronn.de\/index.php?rest_route=%2Fwp%2Fv2%2Fmedia&parent=630"}],"wp:term":[{"taxonomy":"category","embeddable":true,"href":"http:\/\/www.karate-maulbronn.de\/index.php?rest_route=%2Fwp%2Fv2%2Fcategories&post=630"},{"taxonomy":"post_tag","embeddable":true,"href":"http:\/\/www.karate-maulbronn.de\/index.php?rest_route=%2Fwp%2Fv2%2Ftags&post=630"}],"curies":[{"name":"wp","href":"https:\/\/api.w.org\/{rel}","templated":true}]}}