{"id":619,"date":"2015-12-23T12:47:17","date_gmt":"2015-12-23T10:47:17","guid":{"rendered":"http:\/\/59261093.swh.strato-hosting.eu\/wordpress\/?p=619"},"modified":"2015-12-31T17:17:56","modified_gmt":"2015-12-31T15:17:56","slug":"guertelpruefungen-im-dezember","status":"publish","type":"post","link":"http:\/\/www.karate-maulbronn.de\/?p=619","title":{"rendered":"G\u00fcrtelpr\u00fcfungen im Dezember"},"content":{"rendered":"<p>Kurz vor Weihnachten fanden wieder G\u00fcrtelpr\u00fcfungen statt.<\/p>\n<p>Dieses Mal stellten sich zehn Karateka dem Pr\u00fcfer. Nach guten Leistungen bekamen alle ihren neuen Kyu-Grad verliehen.<\/p>\n<p>Es waren im Einzelnen:<\/p>\n<p>8. Kyu (gelb): Stephanie Swantusch<\/p>\n<p>6. Kyu (gr\u00fcn): Sendur Keskin<\/p>\n<p>4. Kyu (blau): Muhammet Ali Keskin, Lukas Urlep, Manisha Urlep<\/p>\n<p>2. Kyu (braun): Andr\u00e9 Henschel, Michael Hofmeister, Benedikt Wieber<\/p>\n<p>1. Kyu (braun): Jannis Miggos, Tabea Schroller<\/p>\n<p>Der Verein gratuliert herzlich zu den tollen Leistungen und neuen G\u00fcrteln.<\/p>\n<p>&nbsp;<\/p>\n<p><a href=\"http:\/\/59261093.swh.strato-hosting.eu\/wordpress\/?attachment_id=626\" rel=\"attachment wp-att-626\"><img loading=\"lazy\" decoding=\"async\" class=\"alignnone size-full wp-image-626\" src=\"http:\/\/59261093.swh.strato-hosting.eu\/wordpress\/wp-content\/uploads\/2015\/12\/Pruefung_Winter_2015.jpg\" alt=\"Pruefung_Winter_2015\" width=\"1024\" height=\"576\" srcset=\"http:\/\/www.karate-maulbronn.de\/wordpress\/wp-content\/uploads\/2015\/12\/Pruefung_Winter_2015.jpg 1024w, http:\/\/www.karate-maulbronn.de\/wordpress\/wp-content\/uploads\/2015\/12\/Pruefung_Winter_2015-800x450.jpg 800w\" sizes=\"auto, (max-width: 1024px) 100vw, 1024px\" \/><\/a><\/p>\n","protected":false},"excerpt":{"rendered":"<p>Kurz vor Weihnachten fanden wieder G\u00fcrtelpr\u00fcfungen statt. Dieses Mal stellten sich zehn Karateka dem Pr\u00fcfer. Nach guten Leistungen bekamen alle ihren neuen Kyu-Grad verliehen. Es waren im Einzelnen: 8. Kyu (gelb): Stephanie Swantusch 6. Kyu (gr\u00fcn): Sendur Keskin 4. Kyu (blau): Muhammet Ali Keskin, Lukas Urlep, Manisha Urlep 2. Kyu (braun): Andr\u00e9 Henschel, Michael Hofmeister, [&hellip;]<\/p>\n","protected":false},"author":8,"featured_media":0,"comment_status":"closed","ping_status":"closed","sticky":false,"template":"","format":"standard","meta":{"footnotes":""},"categories":[1],"tags":[],"class_list":["post-619","post","type-post","status-publish","format-standard","hentry","category-allgemein"],"_links":{"self":[{"href":"http:\/\/www.karate-maulbronn.de\/index.php?rest_route=\/wp\/v2\/posts\/619","targetHints":{"allow":["GET"]}}],"collection":[{"href":"http:\/\/www.karate-maulbronn.de\/index.php?rest_route=\/wp\/v2\/posts"}],"about":[{"href":"http:\/\/www.karate-maulbronn.de\/index.php?rest_route=\/wp\/v2\/types\/post"}],"author":[{"embeddable":true,"href":"http:\/\/www.karate-maulbronn.de\/index.php?rest_route=\/wp\/v2\/users\/8"}],"replies":[{"embeddable":true,"href":"http:\/\/www.karate-maulbronn.de\/index.php?rest_route=%2Fwp%2Fv2%2Fcomments&post=619"}],"version-history":[{"count":2,"href":"http:\/\/www.karate-maulbronn.de\/index.php?rest_route=\/wp\/v2\/posts\/619\/revisions"}],"predecessor-version":[{"id":627,"href":"http:\/\/www.karate-maulbronn.de\/index.php?rest_route=\/wp\/v2\/posts\/619\/revisions\/627"}],"wp:attachment":[{"href":"http:\/\/www.karate-maulbronn.de\/index.php?rest_route=%2Fwp%2Fv2%2Fmedia&parent=619"}],"wp:term":[{"taxonomy":"category","embeddable":true,"href":"http:\/\/www.karate-maulbronn.de\/index.php?rest_route=%2Fwp%2Fv2%2Fcategories&post=619"},{"taxonomy":"post_tag","embeddable":true,"href":"http:\/\/www.karate-maulbronn.de\/index.php?rest_route=%2Fwp%2Fv2%2Ftags&post=619"}],"curies":[{"name":"wp","href":"https:\/\/api.w.org\/{rel}","templated":true}]}}