{"id":613,"date":"2015-12-06T20:26:21","date_gmt":"2015-12-06T18:26:21","guid":{"rendered":"http:\/\/59261093.swh.strato-hosting.eu\/wordpress\/?p=613"},"modified":"2015-12-06T20:26:21","modified_gmt":"2015-12-06T18:26:21","slug":"erneut-erfolgreiches-wochenende-fuer-die-maulbronner-karatekaempfer","status":"publish","type":"post","link":"http:\/\/www.karate-maulbronn.de\/?p=613","title":{"rendered":"Erneut erfolgreiches Wochenende f\u00fcr die Maulbronner Karatek\u00e4mpfer"},"content":{"rendered":"<p>Am 05.12. fand im nahegelegenen Eberdingen der diesj\u00e4hrige Baden-W\u00fcrttembergische Goju-Ryu Nachwuchscup statt. Die Maulbronner tratem mit 8 jungen Karateka an und erzielten 6x Gold, einmal Silber und zweimal Bronze.<\/p>\n<p>Begonnen hat die Siegesreihe bei den MiniKids Jahrgang 2006 und j\u00fcnger. Am Start waren Manik und Robin.<b> <\/b>Manik gawann alle seine K\u00e4mpfe und stand zum ersten Mal bei einem Turnier auf dem Siegerpodest. Gl\u00fcckwunsch Manik! Robin verlor leider seinen ersten Kampf, konnte sich aber \u00fcber die Trostrunde dann doch noch den 3. Platz sichern.<\/p>\n<p>Bei den Kindern startete Johanna im Tabellensystem, was hei\u00dft, jeder gegen jeden. Auch diesmal hatte sie anfangs Probleme und verlor gleich den ersten Kampf. Danach steigerte sie sich mit jedem Kampf und konnte alle ihre Begegnungen f\u00fcr sich entscheiden. Ein verdienter 3. Platz war das Ergebnis.<\/p>\n<p>In der Sch\u00fclerklasse starteten Lukas und Manisha. Beide k\u00e4mpften so stark wie noch nie, mit einem bisher noch nicht gesehenen Kampfeswillen, besonders bei Manisha. Vielleicht lag es am Erfolg des kleinen Bruders, der die beiden antrieb. Sie gewann alle ihre K\u00e4mpfe souver\u00e4n und erzielten beide jeweils den 1. Platz. Lukas startete anschlie\u00dfend noch in einer Kampfgemeinschaft im Team und gewann ebenfalls den 1. Platz.<\/p>\n<p>In der Jugendklasse startete Jonas, der ebenfalls souver\u00e4n seine Gegner im Griff hatte. Auch er errang unangefochten den 1. Platz in seiner Altersklasse. Zuletzt startete die Jugend noch im Team. Aufgrund der geringen Startmeldungen bei den Teams endschied sich der Veranstalter. die m\u00e4nnlichen Teams auch gegen die weiblichen Teams antreten zu lassen bzw. Mix-Teams zuzulassen. Das Maulbronner Team startete mit Tabea, Manisha und einer weiteren K\u00e4mpferin von einem befreundeten Verein aus Walld\u00fcrn. Man sollte meinen die M\u00e4dchen h\u00e4tten kaum einen Chance gegen die Jungenmannschaften aber das Gegenteil war der Fall. Die M\u00e4dels legten einen unglaublichen Kampfeswillen an den Tag, setzten ihre Gegner st\u00e4ndig unter Druck und gewannen verdient jeden Kampf. Im Finale trafen die M\u00e4dels auf den anderen Poolsieger, und wie sollte es anders sein, auf die Maulbronner Jungenmannschaft bestehend aus Andr\u00e9 und Jonas. Da die beiden nur zu zweit antraten, hatten sie damit automatisch den ersten Kampf verloren. Im zweiten Kampf bezwang Andr\u00e9 zwar seine Gegnerin, aber Jonas musste sich in einem harten Kampf gegen Tabea letztendlich geschlagen geben. Somit gewann das Maulbronner M\u00e4dchenteam Gold und f\u00fcr die Jungs blieb nur Silber.<\/p>\n<p><a href=\"http:\/\/59261093.swh.strato-hosting.eu\/wordpress\/?attachment_id=614\" rel=\"attachment wp-att-614\"><img loading=\"lazy\" decoding=\"async\" class=\"alignnone size-full wp-image-614\" src=\"http:\/\/59261093.swh.strato-hosting.eu\/wordpress\/wp-content\/uploads\/2015\/12\/12341111_1065358096829837_7893112004416317101_n.jpg\" alt=\"12341111_1065358096829837_7893112004416317101_n\" width=\"720\" height=\"960\" srcset=\"http:\/\/www.karate-maulbronn.de\/wordpress\/wp-content\/uploads\/2015\/12\/12341111_1065358096829837_7893112004416317101_n.jpg 720w, http:\/\/www.karate-maulbronn.de\/wordpress\/wp-content\/uploads\/2015\/12\/12341111_1065358096829837_7893112004416317101_n-600x800.jpg 600w\" sizes=\"auto, (max-width: 720px) 100vw, 720px\" \/><\/a><\/p>\n","protected":false},"excerpt":{"rendered":"<p>Am 05.12. fand im nahegelegenen Eberdingen der diesj\u00e4hrige Baden-W\u00fcrttembergische Goju-Ryu Nachwuchscup statt. Die Maulbronner tratem mit 8 jungen Karateka an und erzielten 6x Gold, einmal Silber und zweimal Bronze. Begonnen hat die Siegesreihe bei den MiniKids Jahrgang 2006 und j\u00fcnger. Am Start waren Manik und Robin. Manik gawann alle seine K\u00e4mpfe und stand zum ersten [&hellip;]<\/p>\n","protected":false},"author":8,"featured_media":0,"comment_status":"closed","ping_status":"closed","sticky":false,"template":"","format":"standard","meta":{"footnotes":""},"categories":[1],"tags":[],"class_list":["post-613","post","type-post","status-publish","format-standard","hentry","category-allgemein"],"_links":{"self":[{"href":"http:\/\/www.karate-maulbronn.de\/index.php?rest_route=\/wp\/v2\/posts\/613","targetHints":{"allow":["GET"]}}],"collection":[{"href":"http:\/\/www.karate-maulbronn.de\/index.php?rest_route=\/wp\/v2\/posts"}],"about":[{"href":"http:\/\/www.karate-maulbronn.de\/index.php?rest_route=\/wp\/v2\/types\/post"}],"author":[{"embeddable":true,"href":"http:\/\/www.karate-maulbronn.de\/index.php?rest_route=\/wp\/v2\/users\/8"}],"replies":[{"embeddable":true,"href":"http:\/\/www.karate-maulbronn.de\/index.php?rest_route=%2Fwp%2Fv2%2Fcomments&post=613"}],"version-history":[{"count":1,"href":"http:\/\/www.karate-maulbronn.de\/index.php?rest_route=\/wp\/v2\/posts\/613\/revisions"}],"predecessor-version":[{"id":615,"href":"http:\/\/www.karate-maulbronn.de\/index.php?rest_route=\/wp\/v2\/posts\/613\/revisions\/615"}],"wp:attachment":[{"href":"http:\/\/www.karate-maulbronn.de\/index.php?rest_route=%2Fwp%2Fv2%2Fmedia&parent=613"}],"wp:term":[{"taxonomy":"category","embeddable":true,"href":"http:\/\/www.karate-maulbronn.de\/index.php?rest_route=%2Fwp%2Fv2%2Fcategories&post=613"},{"taxonomy":"post_tag","embeddable":true,"href":"http:\/\/www.karate-maulbronn.de\/index.php?rest_route=%2Fwp%2Fv2%2Ftags&post=613"}],"curies":[{"name":"wp","href":"https:\/\/api.w.org\/{rel}","templated":true}]}}