{"id":595,"date":"2015-10-26T01:00:00","date_gmt":"2015-10-25T23:00:00","guid":{"rendered":"http:\/\/59261093.swh.strato-hosting.eu\/wordpress\/?p=595"},"modified":"2015-10-26T01:00:57","modified_gmt":"2015-10-25T23:00:57","slug":"vize-landesmeisterin-in-der-masterklasse-kommt-vom-karate-verein-maulbronn","status":"publish","type":"post","link":"http:\/\/www.karate-maulbronn.de\/?p=595","title":{"rendered":"Vize-Landesmeisterin in der Masterklasse kommt vom Karate Verein Maulbronn"},"content":{"rendered":"<p>Bei den diesj\u00e4hrigen Landesmeisterschaften in der Masterklasse konnte Desir\u00e9e Gode-Elchlepp, die seit l\u00e4ngerer Wettkamppause erstmals wieder an einem Wettkampf teilnahm, den Titel der Vizelandesmeisterin erringen.<\/p>\n<p>Am vergangenen Wochenende fanden in Gaildorf die Baden- W\u00fcrttembergischen Landesmeisterschaften im Karate statt. F\u00fcr den KV Maulbronn startete die Vorstandsvorsitzende und Wettkampftrainerin Desir\u00e9e Gode Elchlepp in der Masterklasse. Fast w\u00e4re ihre Teilnahme an den Landesmeisterschaften gescheitert, da au\u00dfer Desir\u00e9e es aus ganz Baden-W\u00fcrttemberg keine weitere Meldung in der Starterklasse \u00dc50 gab. Kurzerhand endschied sich Desir\u00e9e in der Gruppe der \u00dc40 j\u00e4hrigen zu starten. Der Altersunterschied zu den Gegnerinnen von teilweise \u00fcber 10 Jahren schreckte sie nicht ab. Vielmehr machte ihr ihre fehlende Wettkampf-Praxis sorgen. Im Finale traf sie dann auf die amtierende Deutsche Vizemeisterin. Desir\u00e9e machte von Anfang an viel Druck. Der Technik\u00fcberlegenheit und Wettkampferfahrung ihrer Gegnerin konnte sie dennoch nicht standhalten. Schnell lag sie mit 0:2 Punkten hinten. Aber je l\u00e4nger der Kampf dauerte desto deutlicher zeigte sich die hervorragende k\u00f6rperliche Kondition von Desir\u00e9e. 10 Sekunden vor Schluss stand es dann nur noch 3:2. In den letzten Sekunden hatte ihre Gegnerin noch einen \u201eLucky Punch\u201c und gewann verdient mit 4:2 Punkten. Die Trainerin und Vorstandsvorsitzende des KV Maulbronn ist dennoch sehr zufrieden mit dem Ergebnis, zumal ihre Gegnerin \u00fcber 10 Jahre j\u00fcnger war. Durch den 2. Platz hat sich Desir\u00e9e Gode-Elchlepp direkt f\u00fcr die deutschen Meisterschaften qualifiziert.<\/p>\n<p>An der gro\u00dfen Anzahl von Teilnehmern bei den Landesmeisterschaften der Masterklasse sieht man, dass Karate nicht nur ein Sport f\u00fcr die Jugend ist und bis ins hohe Alter betrieben werden kann. Der aktuell begonnene Anf\u00e4ngerkurs f\u00fcr Erwachsene freitags in Maulbronn best\u00e4tigt diesen Trend. Dieser Kurs ist f\u00fcr alle Interessierten Jugendlichen und Erwachsenen ohne jegliche Vorkenntnisse geeignet und ist erst vor kurzem gestartet, sodass man problemlos einsteigen kann.<\/p>\n<p>Infos gibt etwas weiter unten auf dieser Seite&#8230;<\/p>\n<p><a href=\"http:\/\/59261093.swh.strato-hosting.eu\/wordpress\/?attachment_id=597\" rel=\"attachment wp-att-597\"><img loading=\"lazy\" decoding=\"async\" class=\"alignnone size-full wp-image-597\" src=\"http:\/\/59261093.swh.strato-hosting.eu\/wordpress\/wp-content\/uploads\/2015\/10\/LM_Master_2015.jpg\" alt=\"LM_Master_2015\" width=\"450\" height=\"800\" \/><\/a><\/p>\n","protected":false},"excerpt":{"rendered":"<p>Bei den diesj\u00e4hrigen Landesmeisterschaften in der Masterklasse konnte Desir\u00e9e Gode-Elchlepp, die seit l\u00e4ngerer Wettkamppause erstmals wieder an einem Wettkampf teilnahm, den Titel der Vizelandesmeisterin erringen. Am vergangenen Wochenende fanden in Gaildorf die Baden- W\u00fcrttembergischen Landesmeisterschaften im Karate statt. F\u00fcr den KV Maulbronn startete die Vorstandsvorsitzende und Wettkampftrainerin Desir\u00e9e Gode Elchlepp in der Masterklasse. Fast w\u00e4re [&hellip;]<\/p>\n","protected":false},"author":8,"featured_media":0,"comment_status":"closed","ping_status":"closed","sticky":false,"template":"","format":"standard","meta":{"footnotes":""},"categories":[1],"tags":[],"class_list":["post-595","post","type-post","status-publish","format-standard","hentry","category-allgemein"],"_links":{"self":[{"href":"http:\/\/www.karate-maulbronn.de\/index.php?rest_route=\/wp\/v2\/posts\/595","targetHints":{"allow":["GET"]}}],"collection":[{"href":"http:\/\/www.karate-maulbronn.de\/index.php?rest_route=\/wp\/v2\/posts"}],"about":[{"href":"http:\/\/www.karate-maulbronn.de\/index.php?rest_route=\/wp\/v2\/types\/post"}],"author":[{"embeddable":true,"href":"http:\/\/www.karate-maulbronn.de\/index.php?rest_route=\/wp\/v2\/users\/8"}],"replies":[{"embeddable":true,"href":"http:\/\/www.karate-maulbronn.de\/index.php?rest_route=%2Fwp%2Fv2%2Fcomments&post=595"}],"version-history":[{"count":2,"href":"http:\/\/www.karate-maulbronn.de\/index.php?rest_route=\/wp\/v2\/posts\/595\/revisions"}],"predecessor-version":[{"id":599,"href":"http:\/\/www.karate-maulbronn.de\/index.php?rest_route=\/wp\/v2\/posts\/595\/revisions\/599"}],"wp:attachment":[{"href":"http:\/\/www.karate-maulbronn.de\/index.php?rest_route=%2Fwp%2Fv2%2Fmedia&parent=595"}],"wp:term":[{"taxonomy":"category","embeddable":true,"href":"http:\/\/www.karate-maulbronn.de\/index.php?rest_route=%2Fwp%2Fv2%2Fcategories&post=595"},{"taxonomy":"post_tag","embeddable":true,"href":"http:\/\/www.karate-maulbronn.de\/index.php?rest_route=%2Fwp%2Fv2%2Ftags&post=595"}],"curies":[{"name":"wp","href":"https:\/\/api.w.org\/{rel}","templated":true}]}}