{"id":593,"date":"2015-10-23T23:57:51","date_gmt":"2015-10-23T21:57:51","guid":{"rendered":"http:\/\/59261093.swh.strato-hosting.eu\/wordpress\/?p=593"},"modified":"2015-10-23T23:57:51","modified_gmt":"2015-10-23T21:57:51","slug":"kein-kindertraining-am-naechsten-freitag","status":"publish","type":"post","link":"http:\/\/www.karate-maulbronn.de\/?p=593","title":{"rendered":"Kein Kindertraining am n\u00e4chsten Freitag"},"content":{"rendered":"<p>Da am n\u00e4chsten Freitag, dem 30. Oktober, in Maulbronn der Laternenumzug stattfindet, f\u00e4llt da das Kindertraining aus.<\/p>\n<p>Die anderen Trainings finden wie \u00fcblich statt.<\/p>\n","protected":false},"excerpt":{"rendered":"<p>Da am n\u00e4chsten Freitag, dem 30. Oktober, in Maulbronn der Laternenumzug stattfindet, f\u00e4llt da das Kindertraining aus. Die anderen Trainings finden wie \u00fcblich statt.<\/p>\n","protected":false},"author":8,"featured_media":0,"comment_status":"closed","ping_status":"closed","sticky":false,"template":"","format":"standard","meta":{"footnotes":""},"categories":[1],"tags":[],"class_list":["post-593","post","type-post","status-publish","format-standard","hentry","category-allgemein"],"_links":{"self":[{"href":"http:\/\/www.karate-maulbronn.de\/index.php?rest_route=\/wp\/v2\/posts\/593","targetHints":{"allow":["GET"]}}],"collection":[{"href":"http:\/\/www.karate-maulbronn.de\/index.php?rest_route=\/wp\/v2\/posts"}],"about":[{"href":"http:\/\/www.karate-maulbronn.de\/index.php?rest_route=\/wp\/v2\/types\/post"}],"author":[{"embeddable":true,"href":"http:\/\/www.karate-maulbronn.de\/index.php?rest_route=\/wp\/v2\/users\/8"}],"replies":[{"embeddable":true,"href":"http:\/\/www.karate-maulbronn.de\/index.php?rest_route=%2Fwp%2Fv2%2Fcomments&post=593"}],"version-history":[{"count":1,"href":"http:\/\/www.karate-maulbronn.de\/index.php?rest_route=\/wp\/v2\/posts\/593\/revisions"}],"predecessor-version":[{"id":594,"href":"http:\/\/www.karate-maulbronn.de\/index.php?rest_route=\/wp\/v2\/posts\/593\/revisions\/594"}],"wp:attachment":[{"href":"http:\/\/www.karate-maulbronn.de\/index.php?rest_route=%2Fwp%2Fv2%2Fmedia&parent=593"}],"wp:term":[{"taxonomy":"category","embeddable":true,"href":"http:\/\/www.karate-maulbronn.de\/index.php?rest_route=%2Fwp%2Fv2%2Fcategories&post=593"},{"taxonomy":"post_tag","embeddable":true,"href":"http:\/\/www.karate-maulbronn.de\/index.php?rest_route=%2Fwp%2Fv2%2Ftags&post=593"}],"curies":[{"name":"wp","href":"https:\/\/api.w.org\/{rel}","templated":true}]}}