{"id":587,"date":"2015-10-19T23:52:51","date_gmt":"2015-10-19T21:52:51","guid":{"rendered":"http:\/\/59261093.swh.strato-hosting.eu\/wordpress\/?p=587"},"modified":"2015-10-19T23:52:51","modified_gmt":"2015-10-19T21:52:51","slug":"roba-klostercup-2015-in-maulbronn","status":"publish","type":"post","link":"http:\/\/www.karate-maulbronn.de\/?p=587","title":{"rendered":"Roba-Klostercup 2015 in Maulbronn"},"content":{"rendered":"<p>Am letzten Samstag fand in der Schefenacker-Halle in Maulbronn der diesj\u00e4hrige Roba-Klostercup statt. Es ist ein Einsteigerturnier f\u00fcr Karateka aller Altersklassen, das der Karateverein Maulbronn j\u00e4hrlich organisiert.\u00a0 Dabei messen sich die Teilnehmer entweder im Kata- (Formenlauf) oder Kumite- (direkter Zweikampf) Wettkampf.<\/p>\n<p>Auch Maulbronner Athleten waren erfolgreich. Im einzelnen waren es:<\/p>\n<p>Johanna Swantusch: 2. Platz Kumite Kinder M\u00e4dchen<\/p>\n<p>Emelie Wyrich: 2. Platz Kumite Sch\u00fcler M\u00e4dchen 6.-9. Kyu<\/p>\n<p>Manisha Urlep: 2. Platz Kumite Sch\u00fcler M\u00e4dchen ab 5. Kyu<\/p>\n<p>Lukas Urlep: 2. Platz Kumite Sch\u00fcler Jungen ab 5. Kyu<\/p>\n<p>Leontien Wieber: 2. Platz Jugend M\u00e4dchen ab 4. Kyu<\/p>\n<p>Tabea Schroller: 1. Platz Jugend M\u00e4dchen ab 4. Kyu<\/p>\n<p>Jonas Swantusch: 1. Platz Jugend Jungen ab 4. Kyu<\/p>\n<p>Rebecca Ruchay: 1. Platz Leistungsklasse Damen<\/p>\n<p>Der Verein gratuliert zu den guten Leistungen.<\/p>\n<p>&nbsp;<\/p>\n<p>Zum ersten Mal in Baden-W\u00fcrttemberg gab es bei diesem Turnier auch eine Klasse f\u00fcr Karateka mit Einschr\u00e4nkung. Drei Athleten, die auch schon auf deutschen- und Weltmeisterschaften erfolgreich waren, traten hier im Kata-Wettbewerb gegeneinander an und zeigten beeindruckende Leistungen.<\/p>\n<p>Zum Schluss m\u00f6chten wir uns bei den zahlreichen Helfern bedanken, die ma\u00dfgeblich dazu beigetragen haben, dass das Turnier problemlos und zur Zufriedenheit der G\u00e4ste \u00fcber die B\u00fchne gehen konnte.<\/p>\n<p>Wer jetzt Interesse bekommen hat, der Karateverein hei\u00dft Einsteiger allen Alters jederzeit herzlich willkommen.<\/p>\n<p><a href=\"http:\/\/59261093.swh.strato-hosting.eu\/wordpress\/?attachment_id=588\" rel=\"attachment wp-att-588\"><img loading=\"lazy\" decoding=\"async\" class=\"alignnone size-full wp-image-588\" src=\"http:\/\/59261093.swh.strato-hosting.eu\/wordpress\/wp-content\/uploads\/2015\/10\/Roba_Klostercup_2015_1.jpg\" alt=\"Roba_Klostercup_2015_1\" width=\"533\" height=\"800\" \/><\/a> <a href=\"http:\/\/59261093.swh.strato-hosting.eu\/wordpress\/?attachment_id=589\" rel=\"attachment wp-att-589\"><img loading=\"lazy\" decoding=\"async\" class=\"alignnone size-full wp-image-589\" src=\"http:\/\/59261093.swh.strato-hosting.eu\/wordpress\/wp-content\/uploads\/2015\/10\/Roba_Klostercup_2015_2.jpg\" alt=\"Roba_Klostercup_2015_2\" width=\"800\" height=\"533\" \/><\/a> <a href=\"http:\/\/59261093.swh.strato-hosting.eu\/wordpress\/?attachment_id=590\" rel=\"attachment wp-att-590\"><img loading=\"lazy\" decoding=\"async\" class=\"alignnone size-full wp-image-590\" src=\"http:\/\/59261093.swh.strato-hosting.eu\/wordpress\/wp-content\/uploads\/2015\/10\/Roba_Klostercup_2015_3.jpg\" alt=\"Roba_Klostercup_2015_3\" width=\"800\" height=\"533\" \/><\/a><\/p>\n","protected":false},"excerpt":{"rendered":"<p>Am letzten Samstag fand in der Schefenacker-Halle in Maulbronn der diesj\u00e4hrige Roba-Klostercup statt. Es ist ein Einsteigerturnier f\u00fcr Karateka aller Altersklassen, das der Karateverein Maulbronn j\u00e4hrlich organisiert.\u00a0 Dabei messen sich die Teilnehmer entweder im Kata- (Formenlauf) oder Kumite- (direkter Zweikampf) Wettkampf. Auch Maulbronner Athleten waren erfolgreich. Im einzelnen waren es: Johanna Swantusch: 2. Platz Kumite [&hellip;]<\/p>\n","protected":false},"author":8,"featured_media":0,"comment_status":"closed","ping_status":"closed","sticky":false,"template":"","format":"standard","meta":{"footnotes":""},"categories":[1],"tags":[],"class_list":["post-587","post","type-post","status-publish","format-standard","hentry","category-allgemein"],"_links":{"self":[{"href":"http:\/\/www.karate-maulbronn.de\/index.php?rest_route=\/wp\/v2\/posts\/587","targetHints":{"allow":["GET"]}}],"collection":[{"href":"http:\/\/www.karate-maulbronn.de\/index.php?rest_route=\/wp\/v2\/posts"}],"about":[{"href":"http:\/\/www.karate-maulbronn.de\/index.php?rest_route=\/wp\/v2\/types\/post"}],"author":[{"embeddable":true,"href":"http:\/\/www.karate-maulbronn.de\/index.php?rest_route=\/wp\/v2\/users\/8"}],"replies":[{"embeddable":true,"href":"http:\/\/www.karate-maulbronn.de\/index.php?rest_route=%2Fwp%2Fv2%2Fcomments&post=587"}],"version-history":[{"count":1,"href":"http:\/\/www.karate-maulbronn.de\/index.php?rest_route=\/wp\/v2\/posts\/587\/revisions"}],"predecessor-version":[{"id":591,"href":"http:\/\/www.karate-maulbronn.de\/index.php?rest_route=\/wp\/v2\/posts\/587\/revisions\/591"}],"wp:attachment":[{"href":"http:\/\/www.karate-maulbronn.de\/index.php?rest_route=%2Fwp%2Fv2%2Fmedia&parent=587"}],"wp:term":[{"taxonomy":"category","embeddable":true,"href":"http:\/\/www.karate-maulbronn.de\/index.php?rest_route=%2Fwp%2Fv2%2Fcategories&post=587"},{"taxonomy":"post_tag","embeddable":true,"href":"http:\/\/www.karate-maulbronn.de\/index.php?rest_route=%2Fwp%2Fv2%2Ftags&post=587"}],"curies":[{"name":"wp","href":"https:\/\/api.w.org\/{rel}","templated":true}]}}