{"id":578,"date":"2015-08-18T19:36:48","date_gmt":"2015-08-18T17:36:48","guid":{"rendered":"http:\/\/59261093.swh.strato-hosting.eu\/wordpress\/?p=578"},"modified":"2015-08-18T19:36:48","modified_gmt":"2015-08-18T17:36:48","slug":"neuer-einsteigerkurs-2","status":"publish","type":"post","link":"http:\/\/www.karate-maulbronn.de\/?p=578","title":{"rendered":"neuer Einsteigerkurs"},"content":{"rendered":"<p>Ab dem 25. September findet bei uns ein neuer Einsteigerkurs statt. An insgesamt 10 Freitagabenden um jeweils 18:30 Uhr gibt es die M\u00f6glichkeit Karate kennen zu lernen. Der neue Kurs richtet sich an Jugendliche und Erwachsene. Die Kursgeb\u00fchr betr\u00e4gt 30\u20ac.<\/p>\n<p>Wir w\u00fcrden uns freuen auch Sie\/dich bei uns begr\u00fc\u00dfen zu d\u00fcrfen.<\/p>\n<p><a href=\"http:\/\/59261093.swh.strato-hosting.eu\/wordpress\/?attachment_id=581\" rel=\"attachment wp-att-581\"><img loading=\"lazy\" decoding=\"async\" class=\"alignnone size-full wp-image-581\" src=\"http:\/\/59261093.swh.strato-hosting.eu\/wordpress\/wp-content\/uploads\/2015\/08\/FlyerKurs2015_1.png\" alt=\"FlyerKurs2015_1\" width=\"582\" height=\"1163\" srcset=\"http:\/\/www.karate-maulbronn.de\/wordpress\/wp-content\/uploads\/2015\/08\/FlyerKurs2015_1.png 582w, http:\/\/www.karate-maulbronn.de\/wordpress\/wp-content\/uploads\/2015\/08\/FlyerKurs2015_1-400x800.png 400w, http:\/\/www.karate-maulbronn.de\/wordpress\/wp-content\/uploads\/2015\/08\/FlyerKurs2015_1-512x1024.png 512w\" sizes=\"auto, (max-width: 582px) 100vw, 582px\" \/><\/a> <a href=\"http:\/\/59261093.swh.strato-hosting.eu\/wordpress\/?attachment_id=582\" rel=\"attachment wp-att-582\"><img loading=\"lazy\" decoding=\"async\" class=\"alignnone size-full wp-image-582\" src=\"http:\/\/59261093.swh.strato-hosting.eu\/wordpress\/wp-content\/uploads\/2015\/08\/FlyerKurs2015_2.png\" alt=\"FlyerKurs2015_2\" width=\"582\" height=\"1162\" srcset=\"http:\/\/www.karate-maulbronn.de\/wordpress\/wp-content\/uploads\/2015\/08\/FlyerKurs2015_2.png 582w, http:\/\/www.karate-maulbronn.de\/wordpress\/wp-content\/uploads\/2015\/08\/FlyerKurs2015_2-401x800.png 401w, http:\/\/www.karate-maulbronn.de\/wordpress\/wp-content\/uploads\/2015\/08\/FlyerKurs2015_2-513x1024.png 513w\" sizes=\"auto, (max-width: 582px) 100vw, 582px\" \/><\/a><\/p>\n","protected":false},"excerpt":{"rendered":"<p>Ab dem 25. September findet bei uns ein neuer Einsteigerkurs statt. An insgesamt 10 Freitagabenden um jeweils 18:30 Uhr gibt es die M\u00f6glichkeit Karate kennen zu lernen. Der neue Kurs richtet sich an Jugendliche und Erwachsene. Die Kursgeb\u00fchr betr\u00e4gt 30\u20ac. Wir w\u00fcrden uns freuen auch Sie\/dich bei uns begr\u00fc\u00dfen zu d\u00fcrfen.<\/p>\n","protected":false},"author":8,"featured_media":0,"comment_status":"closed","ping_status":"closed","sticky":false,"template":"","format":"standard","meta":{"footnotes":""},"categories":[1],"tags":[],"class_list":["post-578","post","type-post","status-publish","format-standard","hentry","category-allgemein"],"_links":{"self":[{"href":"http:\/\/www.karate-maulbronn.de\/index.php?rest_route=\/wp\/v2\/posts\/578","targetHints":{"allow":["GET"]}}],"collection":[{"href":"http:\/\/www.karate-maulbronn.de\/index.php?rest_route=\/wp\/v2\/posts"}],"about":[{"href":"http:\/\/www.karate-maulbronn.de\/index.php?rest_route=\/wp\/v2\/types\/post"}],"author":[{"embeddable":true,"href":"http:\/\/www.karate-maulbronn.de\/index.php?rest_route=\/wp\/v2\/users\/8"}],"replies":[{"embeddable":true,"href":"http:\/\/www.karate-maulbronn.de\/index.php?rest_route=%2Fwp%2Fv2%2Fcomments&post=578"}],"version-history":[{"count":1,"href":"http:\/\/www.karate-maulbronn.de\/index.php?rest_route=\/wp\/v2\/posts\/578\/revisions"}],"predecessor-version":[{"id":583,"href":"http:\/\/www.karate-maulbronn.de\/index.php?rest_route=\/wp\/v2\/posts\/578\/revisions\/583"}],"wp:attachment":[{"href":"http:\/\/www.karate-maulbronn.de\/index.php?rest_route=%2Fwp%2Fv2%2Fmedia&parent=578"}],"wp:term":[{"taxonomy":"category","embeddable":true,"href":"http:\/\/www.karate-maulbronn.de\/index.php?rest_route=%2Fwp%2Fv2%2Fcategories&post=578"},{"taxonomy":"post_tag","embeddable":true,"href":"http:\/\/www.karate-maulbronn.de\/index.php?rest_route=%2Fwp%2Fv2%2Ftags&post=578"}],"curies":[{"name":"wp","href":"https:\/\/api.w.org\/{rel}","templated":true}]}}