{"id":568,"date":"2015-07-27T21:04:13","date_gmt":"2015-07-27T19:04:13","guid":{"rendered":"http:\/\/59261093.swh.strato-hosting.eu\/wordpress\/?p=568"},"modified":"2015-07-27T21:04:13","modified_gmt":"2015-07-27T19:04:13","slug":"guertelpruefung-im-sommer","status":"publish","type":"post","link":"http:\/\/www.karate-maulbronn.de\/?p=568","title":{"rendered":"G\u00fcrtelpr\u00fcfung im Sommer"},"content":{"rendered":"<p>Wie \u00fcblich vor den Sommerferien fanden am 22. Juli beim Karateverein Maulbronn wieder G\u00fcrtelpr\u00fcfungen statt.<\/p>\n<p>Nach guten Leistungen konnten sich folgende Karateka \u00fcber neue Kyu-Grade freuen:<\/p>\n<p>9. Kyu (gelb-wei\u00df): Philip Polinski<\/p>\n<p>8. Kyu (gelb): Emma Brislinger<\/p>\n<p>7. Kyu (orange): Erich Schober<\/p>\n<p>6. Kyu (gr\u00fcn): Chiara Bollmoor, Emelie Wyrich<\/p>\n<p>5. Kyu (blau): Tobias Hoertig, Johanna Swantusch<\/p>\n<p>Der Verein gratuliert herzlich zu den neuen Gurten.<\/p>\n<p>&nbsp;<\/p>\n<p><a href=\"http:\/\/59261093.swh.strato-hosting.eu\/wordpress\/?attachment_id=571\" rel=\"attachment wp-att-571\"><img loading=\"lazy\" decoding=\"async\" class=\"alignnone size-full wp-image-571\" src=\"http:\/\/59261093.swh.strato-hosting.eu\/wordpress\/wp-content\/uploads\/2015\/07\/Pruefung_Sommer_2015.jpg\" alt=\"Pruefung_Sommer_2015\" width=\"800\" height=\"449\" \/><\/a><\/p>\n","protected":false},"excerpt":{"rendered":"<p>Wie \u00fcblich vor den Sommerferien fanden am 22. Juli beim Karateverein Maulbronn wieder G\u00fcrtelpr\u00fcfungen statt. Nach guten Leistungen konnten sich folgende Karateka \u00fcber neue Kyu-Grade freuen: 9. Kyu (gelb-wei\u00df): Philip Polinski 8. Kyu (gelb): Emma Brislinger 7. Kyu (orange): Erich Schober 6. Kyu (gr\u00fcn): Chiara Bollmoor, Emelie Wyrich 5. Kyu (blau): Tobias Hoertig, Johanna Swantusch [&hellip;]<\/p>\n","protected":false},"author":8,"featured_media":0,"comment_status":"closed","ping_status":"closed","sticky":false,"template":"","format":"standard","meta":{"footnotes":""},"categories":[1],"tags":[],"class_list":["post-568","post","type-post","status-publish","format-standard","hentry","category-allgemein"],"_links":{"self":[{"href":"http:\/\/www.karate-maulbronn.de\/index.php?rest_route=\/wp\/v2\/posts\/568","targetHints":{"allow":["GET"]}}],"collection":[{"href":"http:\/\/www.karate-maulbronn.de\/index.php?rest_route=\/wp\/v2\/posts"}],"about":[{"href":"http:\/\/www.karate-maulbronn.de\/index.php?rest_route=\/wp\/v2\/types\/post"}],"author":[{"embeddable":true,"href":"http:\/\/www.karate-maulbronn.de\/index.php?rest_route=\/wp\/v2\/users\/8"}],"replies":[{"embeddable":true,"href":"http:\/\/www.karate-maulbronn.de\/index.php?rest_route=%2Fwp%2Fv2%2Fcomments&post=568"}],"version-history":[{"count":1,"href":"http:\/\/www.karate-maulbronn.de\/index.php?rest_route=\/wp\/v2\/posts\/568\/revisions"}],"predecessor-version":[{"id":572,"href":"http:\/\/www.karate-maulbronn.de\/index.php?rest_route=\/wp\/v2\/posts\/568\/revisions\/572"}],"wp:attachment":[{"href":"http:\/\/www.karate-maulbronn.de\/index.php?rest_route=%2Fwp%2Fv2%2Fmedia&parent=568"}],"wp:term":[{"taxonomy":"category","embeddable":true,"href":"http:\/\/www.karate-maulbronn.de\/index.php?rest_route=%2Fwp%2Fv2%2Fcategories&post=568"},{"taxonomy":"post_tag","embeddable":true,"href":"http:\/\/www.karate-maulbronn.de\/index.php?rest_route=%2Fwp%2Fv2%2Ftags&post=568"}],"curies":[{"name":"wp","href":"https:\/\/api.w.org\/{rel}","templated":true}]}}