{"id":463,"date":"2014-07-28T23:04:58","date_gmt":"2014-07-28T21:04:58","guid":{"rendered":"http:\/\/59261093.swh.strato-hosting.eu\/wordpress\/?p=463"},"modified":"2014-07-28T23:04:58","modified_gmt":"2014-07-28T21:04:58","slug":"erfolge-bei-der-deutschen-meisterschaft","status":"publish","type":"post","link":"http:\/\/www.karate-maulbronn.de\/?p=463","title":{"rendered":"Erfolge bei der deutschen Meisterschaft"},"content":{"rendered":"<p>Anna errang in Erfurt bei der deutschen Meisterschaft der Sch\u00fcler, Jugend und Junioren wieder den ersten Platz.<\/p>\n<p>Damit ist sie zum siebten Mal in Folge deutsche Meisterin!<\/p>\n<p>Christin und Andr\u00e9 erreichten nach harten K\u00e4mpfen jeweils den f\u00fcnften Platz in ihrer Klasse.<\/p>\n<p>Der Verein gratuliert herzlich zu diesen herausragenden Leistungen.<\/p>\n<p>&nbsp;<\/p>\n","protected":false},"excerpt":{"rendered":"<p>Anna errang in Erfurt bei der deutschen Meisterschaft der Sch\u00fcler, Jugend und Junioren wieder den ersten Platz. Damit ist sie zum siebten Mal in Folge deutsche Meisterin! Christin und Andr\u00e9 erreichten nach harten K\u00e4mpfen jeweils den f\u00fcnften Platz in ihrer Klasse. Der Verein gratuliert herzlich zu diesen herausragenden Leistungen. &nbsp;<\/p>\n","protected":false},"author":8,"featured_media":0,"comment_status":"closed","ping_status":"closed","sticky":false,"template":"","format":"standard","meta":{"footnotes":""},"categories":[1],"tags":[],"class_list":["post-463","post","type-post","status-publish","format-standard","hentry","category-allgemein"],"_links":{"self":[{"href":"http:\/\/www.karate-maulbronn.de\/index.php?rest_route=\/wp\/v2\/posts\/463","targetHints":{"allow":["GET"]}}],"collection":[{"href":"http:\/\/www.karate-maulbronn.de\/index.php?rest_route=\/wp\/v2\/posts"}],"about":[{"href":"http:\/\/www.karate-maulbronn.de\/index.php?rest_route=\/wp\/v2\/types\/post"}],"author":[{"embeddable":true,"href":"http:\/\/www.karate-maulbronn.de\/index.php?rest_route=\/wp\/v2\/users\/8"}],"replies":[{"embeddable":true,"href":"http:\/\/www.karate-maulbronn.de\/index.php?rest_route=%2Fwp%2Fv2%2Fcomments&post=463"}],"version-history":[{"count":1,"href":"http:\/\/www.karate-maulbronn.de\/index.php?rest_route=\/wp\/v2\/posts\/463\/revisions"}],"predecessor-version":[{"id":464,"href":"http:\/\/www.karate-maulbronn.de\/index.php?rest_route=\/wp\/v2\/posts\/463\/revisions\/464"}],"wp:attachment":[{"href":"http:\/\/www.karate-maulbronn.de\/index.php?rest_route=%2Fwp%2Fv2%2Fmedia&parent=463"}],"wp:term":[{"taxonomy":"category","embeddable":true,"href":"http:\/\/www.karate-maulbronn.de\/index.php?rest_route=%2Fwp%2Fv2%2Fcategories&post=463"},{"taxonomy":"post_tag","embeddable":true,"href":"http:\/\/www.karate-maulbronn.de\/index.php?rest_route=%2Fwp%2Fv2%2Ftags&post=463"}],"curies":[{"name":"wp","href":"https:\/\/api.w.org\/{rel}","templated":true}]}}