{"id":214,"date":"2013-03-22T13:09:30","date_gmt":"2013-03-22T11:09:30","guid":{"rendered":"http:\/\/59261093.swh.strato-hosting.eu\/wordpress\/?p=214"},"modified":"2013-03-22T13:10:08","modified_gmt":"2013-03-22T11:10:08","slug":"igkr-prufungsvorbereitungslehrgang-in-hirschhorn","status":"publish","type":"post","link":"http:\/\/www.karate-maulbronn.de\/?p=214","title":{"rendered":"IGKR Pr\u00fcfungsvorbereitungslehrgang in Hirschhorn"},"content":{"rendered":"<p>Pflichtlehrgang f\u00fcr Dan-Anw\u00e4rter<br \/>\n12 &#8211; 15 Uhr Sichtungslehrgang der Dan Anw\u00e4rter<br \/>\n13 &#8211; 15 Uhr Karatekas bis 4. Kyu mit Shihan Funasako<br \/>\n15 &#8211; 17 Uhr gemeinsames Training<\/p>\n","protected":false},"excerpt":{"rendered":"<p>Pflichtlehrgang f\u00fcr Dan-Anw\u00e4rter 12 &#8211; 15 Uhr Sichtungslehrgang der Dan Anw\u00e4rter 13 &#8211; 15 Uhr Karatekas bis 4. Kyu mit Shihan Funasako 15 &#8211; 17 Uhr gemeinsames Training<\/p>\n","protected":false},"author":8,"featured_media":0,"comment_status":"closed","ping_status":"closed","sticky":false,"template":"","format":"standard","meta":{"footnotes":""},"categories":[1],"tags":[],"class_list":["post-214","post","type-post","status-publish","format-standard","hentry","category-allgemein"],"_links":{"self":[{"href":"http:\/\/www.karate-maulbronn.de\/index.php?rest_route=\/wp\/v2\/posts\/214","targetHints":{"allow":["GET"]}}],"collection":[{"href":"http:\/\/www.karate-maulbronn.de\/index.php?rest_route=\/wp\/v2\/posts"}],"about":[{"href":"http:\/\/www.karate-maulbronn.de\/index.php?rest_route=\/wp\/v2\/types\/post"}],"author":[{"embeddable":true,"href":"http:\/\/www.karate-maulbronn.de\/index.php?rest_route=\/wp\/v2\/users\/8"}],"replies":[{"embeddable":true,"href":"http:\/\/www.karate-maulbronn.de\/index.php?rest_route=%2Fwp%2Fv2%2Fcomments&post=214"}],"version-history":[{"count":2,"href":"http:\/\/www.karate-maulbronn.de\/index.php?rest_route=\/wp\/v2\/posts\/214\/revisions"}],"predecessor-version":[{"id":216,"href":"http:\/\/www.karate-maulbronn.de\/index.php?rest_route=\/wp\/v2\/posts\/214\/revisions\/216"}],"wp:attachment":[{"href":"http:\/\/www.karate-maulbronn.de\/index.php?rest_route=%2Fwp%2Fv2%2Fmedia&parent=214"}],"wp:term":[{"taxonomy":"category","embeddable":true,"href":"http:\/\/www.karate-maulbronn.de\/index.php?rest_route=%2Fwp%2Fv2%2Fcategories&post=214"},{"taxonomy":"post_tag","embeddable":true,"href":"http:\/\/www.karate-maulbronn.de\/index.php?rest_route=%2Fwp%2Fv2%2Ftags&post=214"}],"curies":[{"name":"wp","href":"https:\/\/api.w.org\/{rel}","templated":true}]}}