{"id":2077,"date":"2025-05-24T19:35:42","date_gmt":"2025-05-24T18:35:42","guid":{"rendered":"http:\/\/www.karate-maulbronn.de\/?p=2077"},"modified":"2025-11-24T11:28:07","modified_gmt":"2025-11-24T10:28:07","slug":"maulbronner-nachwuchs-karateka-ueberraschend-zum-ersten-mal-dm-luft-schnuppern","status":"publish","type":"post","link":"http:\/\/www.karate-maulbronn.de\/?p=2077","title":{"rendered":"Maulbronner Nachwuchs-Karateka: \u00dcberraschend zum ersten Mal DM-Luft schnuppern"},"content":{"rendered":"\n<!--more-->\n\n\n\n<p><strong><u>Maulbronner Nachwuchs-Karateka: \u00dcberraschend zum ersten Mal DM-Luft schnuppern!<\/u><\/strong><\/p>\n\n\n\n<p>Eine Teilnahme an den deutschen Karate-Meisterschaften des DKV sind f\u00fcr jeden Karate-Verein und seine Mitglieder Pflicht und Ehre. Dies gilt nat\u00fcrlich auch f\u00fcr den Goju Ryu Karateverein Maulbronn und seinen 10-j\u00e4hrigen Nachwuchs-Karateka Nick Barth, der das Training bislang eher aus Spa\u00df und kindlicher Begeisterung f\u00fcr diese Kampfkunst besuchte, die er beim Spiel mit dem Lego-Format \u201eNinjago\u201c erworben hatte.<\/p>\n\n\n\n<p><strong>Wie kam es zur ungeplanten Qualifikation?<\/strong><\/p>\n\n\n\n<p>Ziemlich unerwartet qualifizierte sich Nick am 4. Mai 2025 bei den Landesmeisterschaften in Zunsweiher f\u00fcr \u201eDie Deutschen\u201c. Er hatte sich in seiner Klasse \u201eU12 bis 38 Kg\u201c nach einer Niederlage im ersten Kampf in der darauffolgenden Trostrunde \u00fcberraschend stark, mit abgezockter Konzentration und starker Kondition f\u00fcnf klare Siege in direkter Folge erk\u00e4mpft. Dies bedeutete f\u00fcr ihn dann doch noch den dritten Platz und damit das Ticket f\u00fcr Deutschen Meisterschaften der Sch\u00fcler in Halle (Saale). \u201eEigentlich hatten wir f\u00fcr Nick in diesem Jahr lediglich ein paar regionale Turniere und Lehrg\u00e4nge geplant\u201c, so Cheftrainerin und Vereinsvorsitzende D\u00e9sire\u00e9 Gode-Elchlepp. \u201eEs war eine tolle \u00dcberraschung, dass er in Zunsweiher den Sprung aufs Treppchen schaffte und sich damit f\u00fcr die Deutschen Meisterschaften qualifizierte.\u201c<\/p>\n\n\n\n<p><strong>Beeindruckende Dimensionen<\/strong><\/p>\n\n\n\n<p>\u201eHalle (Saale) ist zum ersten Mal Gastgeber der Deutsche Meisterschaften der Sch\u00fcler im Karate. (\u2026) Mehr als 550 junge Sportlerinnen und Sportler (Altersklassen U14 und U12) aus 170 Vereinen haben f\u00fcr das Turnier gemeldet, das das Karate-Institut Halle (Saale) mit seinen drei Vereinen (&#8230;) im Auftrag des Deutsche Karate Verbandes ausrichtet.\u201c So berichtete stolz das lokale Nachrichten- und Event-Portal des Sachsen-Anhaltinischen Oberzentrums am Tag der Austragung, dem 17. Mai 2025. Die Website des deutschen Karateverbandes (DKV e.V.) vermeldete: \u201e(\u2026) Ermittelt werden die Nachwuchs-Titeltr\u00e4gerinnen und -Titeltr\u00e4ger in den Kategorien &#8222;A&#8220; und &#8222;B&#8220;. Die 562 Talente aus 169 Vereinen bedeuten einen Teilnahme-Rekord. Gek\u00e4mpft wird auf sechs Tatamis (Kampfmatten, d. Red.).\u201c Die Sporthalle Brandberge in Halle a.d. Saale ist riesig. Hier wurden auch schon Wettk\u00e4mpfe schon auf 12 Tatamis gleichzeitig ausgetragen. Normalerweise ist die Halle ein bundesweit anerkanntes Leistungszentrum f\u00fcr Leichtathletik.<\/p>\n\n\n\n<p><strong>Das Turnier<\/strong><\/p>\n\n\n\n<p>Auf den Grundsch\u00fcler Nick wartete in Halle \u2013 abgesehen von weit \u00fcber 1000 Karatekas, Angeh\u00f6rige und Fans \u2013 eine andere Welt: Hier traten jede Menge zwar junger, so doch oft schon hart trainierender Karateka und Kaderk\u00e4mpfer an, meist unterst\u00fctzt von Landes- und Bundestrainern.<\/p>\n\n\n\n<p>Sein Wunsch-Ziel: Nicht ohne Punkte wieder mach Hause fahren zu m\u00fcssen! Diesen Wunsch konnte er sich erf\u00fcllen \u2013 trotz riesiger Nervosit\u00e4t und weichen Knien im Vorfeld des Turniers. Im ersten Kampf war er seinem Gegner technisch und stilistisch sogar deutlich \u00fcberlegen, besiegte ihn mit 1:0. Im zweiten Kampf trat er gegen einen deutlich st\u00e4rkeren, von einem ehemaligen Bundestrainer intensiv trainierten Jungen an, der Nicks Kisamis (kurze, schnelle Faustst\u00f6\u00dfe) zu Anfang des Kampfes dreimal hintereinander mit schnellen, exakt platzierten Gyaku Zukis (lange Faustst\u00f6\u00dfe) auskonterte. Nick \u00e4nderte daraufhin seine Technik und platzierte nun ebenfalls kurz hintereinander drei schnelle Gyaku Zukis. Der letzte davon wurde leider nur von einem der Kampfrichter angezeigt, so dass er nicht als Treffer gewertet wurde. In den verbleibenden 30 Sekunden schaffte der junge Athlet aus Maulbronn die n\u00f6tigen Punkte zum Konter nicht mehr und schied durch das KO-System aus.<\/p>\n\n\n\n<p><strong>Fazit<\/strong><\/p>\n\n\n\n<p>\u201eEigentlich w\u00e4re ich schon gerne noch weitergekommen,\u201c res\u00fcmiert Nick kurz darauf ein wenig entt\u00e4uscht. Seine Trainerin, sein Vater, der ihn zu diesem aufregenden Ereignis begleitet hatte und auch er selbst waren jedoch am Ende trotzdem sehr gl\u00fccklich \u00fcber den Verlauf dieser Karate-Saison wie auch \u00fcber deren Abschluss in Halle an der Saale \u2013 mit einem Erlebnis, \u201evon dem Nick noch seinen Enkeln erz\u00e4hlen kann\u201c, wie sein Vater lachend kommentierte. Sein bereits erwachsener maulbronner Trainingskamerad Kevin, der selbst schon viele nationale und internationale Erfolge errungen hatte, tr\u00f6stete ihn: \u201eAls ich 10 Jahre alt war, fing ich gerade an mit Karate und musste erst mal ein paar Jahre in die Grundschule. Bei einem so starken Start im Alter von erst 10 Jahren ist bei Dir bei noch alles drin, Nick\u2026\u201c<\/p>\n\n\n\n<figure class=\"wp-block-image size-large\"><img loading=\"lazy\" decoding=\"async\" width=\"1024\" height=\"683\" src=\"http:\/\/www.karate-maulbronn.de\/wordpress\/wp-content\/uploads\/2025\/05\/IMG-20250517-WA0003-1024x683.jpg\" alt=\"\" class=\"wp-image-2079\" srcset=\"http:\/\/www.karate-maulbronn.de\/wordpress\/wp-content\/uploads\/2025\/05\/IMG-20250517-WA0003-1024x683.jpg 1024w, http:\/\/www.karate-maulbronn.de\/wordpress\/wp-content\/uploads\/2025\/05\/IMG-20250517-WA0003-800x533.jpg 800w, http:\/\/www.karate-maulbronn.de\/wordpress\/wp-content\/uploads\/2025\/05\/IMG-20250517-WA0003-768x512.jpg 768w, http:\/\/www.karate-maulbronn.de\/wordpress\/wp-content\/uploads\/2025\/05\/IMG-20250517-WA0003-1536x1024.jpg 1536w, http:\/\/www.karate-maulbronn.de\/wordpress\/wp-content\/uploads\/2025\/05\/IMG-20250517-WA0003.jpg 2048w\" sizes=\"auto, (max-width: 1024px) 100vw, 1024px\" \/><\/figure>\n\n\n\n<figure class=\"wp-block-image size-large\"><img loading=\"lazy\" decoding=\"async\" width=\"788\" height=\"1024\" src=\"http:\/\/www.karate-maulbronn.de\/wordpress\/wp-content\/uploads\/2025\/05\/IMG-20250517-WA0008-788x1024.jpg\" alt=\"\" class=\"wp-image-2080\" srcset=\"http:\/\/www.karate-maulbronn.de\/wordpress\/wp-content\/uploads\/2025\/05\/IMG-20250517-WA0008-788x1024.jpg 788w, http:\/\/www.karate-maulbronn.de\/wordpress\/wp-content\/uploads\/2025\/05\/IMG-20250517-WA0008-616x800.jpg 616w, http:\/\/www.karate-maulbronn.de\/wordpress\/wp-content\/uploads\/2025\/05\/IMG-20250517-WA0008-768x998.jpg 768w, http:\/\/www.karate-maulbronn.de\/wordpress\/wp-content\/uploads\/2025\/05\/IMG-20250517-WA0008-1182x1536.jpg 1182w, http:\/\/www.karate-maulbronn.de\/wordpress\/wp-content\/uploads\/2025\/05\/IMG-20250517-WA0008.jpg 1576w\" sizes=\"auto, (max-width: 788px) 100vw, 788px\" \/><\/figure>\n\n\n\n<figure class=\"wp-block-image size-large\"><img loading=\"lazy\" decoding=\"async\" width=\"1024\" height=\"683\" src=\"http:\/\/www.karate-maulbronn.de\/wordpress\/wp-content\/uploads\/2025\/05\/IMG-20250517-WA0007-1024x683.jpg\" alt=\"\" class=\"wp-image-2081\" srcset=\"http:\/\/www.karate-maulbronn.de\/wordpress\/wp-content\/uploads\/2025\/05\/IMG-20250517-WA0007-1024x683.jpg 1024w, http:\/\/www.karate-maulbronn.de\/wordpress\/wp-content\/uploads\/2025\/05\/IMG-20250517-WA0007-800x533.jpg 800w, http:\/\/www.karate-maulbronn.de\/wordpress\/wp-content\/uploads\/2025\/05\/IMG-20250517-WA0007-768x512.jpg 768w, http:\/\/www.karate-maulbronn.de\/wordpress\/wp-content\/uploads\/2025\/05\/IMG-20250517-WA0007.jpg 1500w\" sizes=\"auto, (max-width: 1024px) 100vw, 1024px\" \/><\/figure>\n\n\n\n<figure class=\"wp-block-image size-large\"><img loading=\"lazy\" decoding=\"async\" width=\"1024\" height=\"683\" src=\"http:\/\/www.karate-maulbronn.de\/wordpress\/wp-content\/uploads\/2025\/05\/IMG-20250517-WA0006-1024x683.jpg\" alt=\"\" class=\"wp-image-2082\" srcset=\"http:\/\/www.karate-maulbronn.de\/wordpress\/wp-content\/uploads\/2025\/05\/IMG-20250517-WA0006-1024x683.jpg 1024w, http:\/\/www.karate-maulbronn.de\/wordpress\/wp-content\/uploads\/2025\/05\/IMG-20250517-WA0006-800x533.jpg 800w, http:\/\/www.karate-maulbronn.de\/wordpress\/wp-content\/uploads\/2025\/05\/IMG-20250517-WA0006-768x512.jpg 768w, http:\/\/www.karate-maulbronn.de\/wordpress\/wp-content\/uploads\/2025\/05\/IMG-20250517-WA0006-1536x1024.jpg 1536w, http:\/\/www.karate-maulbronn.de\/wordpress\/wp-content\/uploads\/2025\/05\/IMG-20250517-WA0006.jpg 2048w\" sizes=\"auto, (max-width: 1024px) 100vw, 1024px\" \/><\/figure>\n\n\n\n<figure class=\"wp-block-image size-large\"><img loading=\"lazy\" decoding=\"async\" width=\"1024\" height=\"683\" src=\"http:\/\/www.karate-maulbronn.de\/wordpress\/wp-content\/uploads\/2025\/05\/IMG-20250517-WA0004-1-1024x683.jpg\" alt=\"\" class=\"wp-image-2084\" srcset=\"http:\/\/www.karate-maulbronn.de\/wordpress\/wp-content\/uploads\/2025\/05\/IMG-20250517-WA0004-1-1024x683.jpg 1024w, http:\/\/www.karate-maulbronn.de\/wordpress\/wp-content\/uploads\/2025\/05\/IMG-20250517-WA0004-1-800x533.jpg 800w, http:\/\/www.karate-maulbronn.de\/wordpress\/wp-content\/uploads\/2025\/05\/IMG-20250517-WA0004-1-768x512.jpg 768w, http:\/\/www.karate-maulbronn.de\/wordpress\/wp-content\/uploads\/2025\/05\/IMG-20250517-WA0004-1.jpg 1500w\" sizes=\"auto, (max-width: 1024px) 100vw, 1024px\" \/><\/figure>\n","protected":false},"excerpt":{"rendered":"","protected":false},"author":8,"featured_media":2078,"comment_status":"closed","ping_status":"","sticky":false,"template":"","format":"standard","meta":{"footnotes":""},"categories":[1],"tags":[],"class_list":["post-2077","post","type-post","status-publish","format-standard","has-post-thumbnail","hentry","category-allgemein"],"_links":{"self":[{"href":"http:\/\/www.karate-maulbronn.de\/index.php?rest_route=\/wp\/v2\/posts\/2077","targetHints":{"allow":["GET"]}}],"collection":[{"href":"http:\/\/www.karate-maulbronn.de\/index.php?rest_route=\/wp\/v2\/posts"}],"about":[{"href":"http:\/\/www.karate-maulbronn.de\/index.php?rest_route=\/wp\/v2\/types\/post"}],"author":[{"embeddable":true,"href":"http:\/\/www.karate-maulbronn.de\/index.php?rest_route=\/wp\/v2\/users\/8"}],"replies":[{"embeddable":true,"href":"http:\/\/www.karate-maulbronn.de\/index.php?rest_route=%2Fwp%2Fv2%2Fcomments&post=2077"}],"version-history":[{"count":3,"href":"http:\/\/www.karate-maulbronn.de\/index.php?rest_route=\/wp\/v2\/posts\/2077\/revisions"}],"predecessor-version":[{"id":2150,"href":"http:\/\/www.karate-maulbronn.de\/index.php?rest_route=\/wp\/v2\/posts\/2077\/revisions\/2150"}],"wp:featuredmedia":[{"embeddable":true,"href":"http:\/\/www.karate-maulbronn.de\/index.php?rest_route=\/wp\/v2\/media\/2078"}],"wp:attachment":[{"href":"http:\/\/www.karate-maulbronn.de\/index.php?rest_route=%2Fwp%2Fv2%2Fmedia&parent=2077"}],"wp:term":[{"taxonomy":"category","embeddable":true,"href":"http:\/\/www.karate-maulbronn.de\/index.php?rest_route=%2Fwp%2Fv2%2Fcategories&post=2077"},{"taxonomy":"post_tag","embeddable":true,"href":"http:\/\/www.karate-maulbronn.de\/index.php?rest_route=%2Fwp%2Fv2%2Ftags&post=2077"}],"curies":[{"name":"wp","href":"https:\/\/api.w.org\/{rel}","templated":true}]}}