{"id":207,"date":"2013-03-22T12:44:42","date_gmt":"2013-03-22T10:44:42","guid":{"rendered":"http:\/\/59261093.swh.strato-hosting.eu\/wordpress\/?p=207"},"modified":"2013-03-22T18:18:39","modified_gmt":"2013-03-22T16:18:40","slug":"gurtelprufung-im-marz-2013","status":"publish","type":"post","link":"http:\/\/www.karate-maulbronn.de\/?p=207","title":{"rendered":"G\u00fcrtelpr\u00fcfung im M\u00e4rz 2013"},"content":{"rendered":"<p>Auch vor den diesj\u00e4hrigen Osterferien fand wieder eine G\u00fcrtelpr\u00fcfung statt.<\/p>\n<p>Erfolgreiche Teilnehmer dieses Mal waren:<\/p>\n<p>9. Kyu (gelb-wei\u00df): Robin Hildwein,\u00a0Felix Krisch,\u00a0Alexandra Pimenidou,\u00a0Sefer Furkan Saydam,\u00a0Marco Sousa<\/p>\n<p>8. Kyu (gelb):\u00a0Marius Linkenheil<\/p>\n<p>7. Kyu (orange): Florian Loher,\u00a0Beata M\u00fcller,\u00a0Niklas Taubert<\/p>\n<p>6. Kyu (gr\u00fcn):\u00a0Liv Dennig, Michael Hofmeister,\u00a0Ann-Kathrin Korn, Joannis Miggos,\u00a0Rico Sebastian,\u00a0Leon Steinhilper,\u00a0Marie Voloder<\/p>\n<p>5. Kyu (blau):\u00a0Julia Griesbacher, Charlotte Neher<\/p>\n<p>4. Kyu (blau):\u00a0Jonas Swantusch<\/p>\n<p>1. Kyu (braun):\u00a0Julien De Keersmacker<\/p>\n<p>&nbsp;<\/p>\n<p>Der Verein gratuliert zu den bestandenen Pr\u00fcfungen.<br \/>\n<a href=\"http:\/\/59261093.swh.strato-hosting.eu\/wordpress\/?attachment_id=247\" rel=\"attachment wp-att-247\"><img loading=\"lazy\" decoding=\"async\" src=\"http:\/\/59261093.swh.strato-hosting.eu\/wordpress\/wp-content\/uploads\/2013\/03\/P0313_1.jpg\" alt=\"P0313_1\" width=\"800\" height=\"600\" class=\"aligncenter size-full wp-image-247\" \/><\/a><\/p>\n<p><a href=\"http:\/\/59261093.swh.strato-hosting.eu\/wordpress\/?attachment_id=248\" rel=\"attachment wp-att-248\"><img loading=\"lazy\" decoding=\"async\" src=\"http:\/\/59261093.swh.strato-hosting.eu\/wordpress\/wp-content\/uploads\/2013\/03\/P0313_2.jpg\" alt=\"P0313_2\" width=\"800\" height=\"600\" class=\"aligncenter size-full wp-image-248\" \/><\/a><\/p>\n<p><a href=\"http:\/\/59261093.swh.strato-hosting.eu\/wordpress\/?attachment_id=249\" rel=\"attachment wp-att-249\"><img loading=\"lazy\" decoding=\"async\" src=\"http:\/\/59261093.swh.strato-hosting.eu\/wordpress\/wp-content\/uploads\/2013\/03\/P0313_3.jpg\" alt=\"P0313_3\" width=\"800\" height=\"600\" class=\"aligncenter size-full wp-image-249\" \/><\/a><\/p>\n<p><a href=\"http:\/\/59261093.swh.strato-hosting.eu\/wordpress\/?attachment_id=250\" rel=\"attachment wp-att-250\"><img loading=\"lazy\" decoding=\"async\" src=\"http:\/\/59261093.swh.strato-hosting.eu\/wordpress\/wp-content\/uploads\/2013\/03\/P0313_4.jpg\" alt=\"P0313_4\" width=\"800\" height=\"600\" class=\"aligncenter size-full wp-image-250\" \/><\/a><\/p>\n<p><a href=\"http:\/\/59261093.swh.strato-hosting.eu\/wordpress\/?attachment_id=251\" rel=\"attachment wp-att-251\"><img loading=\"lazy\" decoding=\"async\" src=\"http:\/\/59261093.swh.strato-hosting.eu\/wordpress\/wp-content\/uploads\/2013\/03\/P0313_5.jpg\" alt=\"P0313_5\" width=\"800\" height=\"600\" class=\"aligncenter size-full wp-image-251\" \/><\/a><\/p>\n","protected":false},"excerpt":{"rendered":"<p>Auch vor den diesj\u00e4hrigen Osterferien fand wieder eine G\u00fcrtelpr\u00fcfung statt. Erfolgreiche Teilnehmer dieses Mal waren: 9. Kyu (gelb-wei\u00df): Robin Hildwein,\u00a0Felix Krisch,\u00a0Alexandra Pimenidou,\u00a0Sefer Furkan Saydam,\u00a0Marco Sousa 8. Kyu (gelb):\u00a0Marius Linkenheil 7. Kyu (orange): Florian Loher,\u00a0Beata M\u00fcller,\u00a0Niklas Taubert 6. Kyu (gr\u00fcn):\u00a0Liv Dennig, Michael Hofmeister,\u00a0Ann-Kathrin Korn, Joannis Miggos,\u00a0Rico Sebastian,\u00a0Leon Steinhilper,\u00a0Marie Voloder 5. Kyu (blau):\u00a0Julia Griesbacher, Charlotte Neher 4. [&hellip;]<\/p>\n","protected":false},"author":8,"featured_media":0,"comment_status":"closed","ping_status":"closed","sticky":false,"template":"","format":"standard","meta":{"footnotes":""},"categories":[1],"tags":[],"class_list":["post-207","post","type-post","status-publish","format-standard","hentry","category-allgemein"],"_links":{"self":[{"href":"http:\/\/www.karate-maulbronn.de\/index.php?rest_route=\/wp\/v2\/posts\/207","targetHints":{"allow":["GET"]}}],"collection":[{"href":"http:\/\/www.karate-maulbronn.de\/index.php?rest_route=\/wp\/v2\/posts"}],"about":[{"href":"http:\/\/www.karate-maulbronn.de\/index.php?rest_route=\/wp\/v2\/types\/post"}],"author":[{"embeddable":true,"href":"http:\/\/www.karate-maulbronn.de\/index.php?rest_route=\/wp\/v2\/users\/8"}],"replies":[{"embeddable":true,"href":"http:\/\/www.karate-maulbronn.de\/index.php?rest_route=%2Fwp%2Fv2%2Fcomments&post=207"}],"version-history":[{"count":4,"href":"http:\/\/www.karate-maulbronn.de\/index.php?rest_route=\/wp\/v2\/posts\/207\/revisions"}],"predecessor-version":[{"id":253,"href":"http:\/\/www.karate-maulbronn.de\/index.php?rest_route=\/wp\/v2\/posts\/207\/revisions\/253"}],"wp:attachment":[{"href":"http:\/\/www.karate-maulbronn.de\/index.php?rest_route=%2Fwp%2Fv2%2Fmedia&parent=207"}],"wp:term":[{"taxonomy":"category","embeddable":true,"href":"http:\/\/www.karate-maulbronn.de\/index.php?rest_route=%2Fwp%2Fv2%2Fcategories&post=207"},{"taxonomy":"post_tag","embeddable":true,"href":"http:\/\/www.karate-maulbronn.de\/index.php?rest_route=%2Fwp%2Fv2%2Ftags&post=207"}],"curies":[{"name":"wp","href":"https:\/\/api.w.org\/{rel}","templated":true}]}}