{"id":1392,"date":"2022-02-21T22:15:22","date_gmt":"2022-02-21T21:15:22","guid":{"rendered":"http:\/\/www.karate-maulbronn.de\/?p=1392"},"modified":"2022-02-28T22:56:40","modified_gmt":"2022-02-28T21:56:40","slug":"einladung-zur-jahreshauptversammlung-4","status":"publish","type":"post","link":"http:\/\/www.karate-maulbronn.de\/?p=1392","title":{"rendered":"Einladung zur Jahreshauptversammlung am 18.03.2022"},"content":{"rendered":"<p>Sporthalle Silahopp, Maulbronn &#8211; 19:00 Uhr<\/p>\n<p>Tagesordung:<\/p>\n<p>1. Begr\u00fc\u00dfung<br \/>\n2. Feststellung der ordnungsgem\u00e4\u00dfen Einladung<br \/>\n3. Berichte Vorstand \/ Kassierer \/ Sportwart<br \/>\n4. Entlastung<br \/>\n5. Wahlen &#8211; (nachzuholen aus 2021)<br \/>\n6. Ehrungen<br \/>\n7. Termine<br \/>\n8. Sonstiges \/ Antr\u00e4ge<\/p>\n<p>Bitte beachten: Die Posten von Kassierer und Schriftf\u00fchrer sind neu zu besetzen! Hierf\u00fcr bitten wir um Vorschl\u00e4ge!!<br \/>\nWeitere Antr\u00e4ge\/Vorschl\u00e4ge sind bis zum 15.03.2022 schriftlich an den Vorstand einzureichen.<\/p>\n<p>F\u00fcr Getr\u00e4nke und Verpflegung ist gesorgt!<br \/>\nWir bitten um zahlreiches Erscheinen!<\/p>\n<p>Mit sportlichen Gr\u00fc\u00dfen,<br \/>\nMichael Hofmeister<\/p>\n","protected":false},"excerpt":{"rendered":"<p>Sporthalle Silahopp, Maulbronn &#8211; 19:00 Uhr Tagesordung: 1. Begr\u00fc\u00dfung 2. Feststellung der ordnungsgem\u00e4\u00dfen Einladung 3. Berichte Vorstand \/ Kassierer \/ Sportwart 4. Entlastung 5. Wahlen &#8211; (nachzuholen aus 2021) 6. Ehrungen 7. Termine 8. Sonstiges \/ Antr\u00e4ge Bitte beachten: Die Posten von Kassierer und Schriftf\u00fchrer sind neu zu besetzen! Hierf\u00fcr bitten wir um Vorschl\u00e4ge!! Weitere [&hellip;]<\/p>\n","protected":false},"author":8,"featured_media":0,"comment_status":"closed","ping_status":"closed","sticky":false,"template":"","format":"standard","meta":{"footnotes":""},"categories":[1],"tags":[],"class_list":["post-1392","post","type-post","status-publish","format-standard","hentry","category-allgemein"],"_links":{"self":[{"href":"http:\/\/www.karate-maulbronn.de\/index.php?rest_route=\/wp\/v2\/posts\/1392","targetHints":{"allow":["GET"]}}],"collection":[{"href":"http:\/\/www.karate-maulbronn.de\/index.php?rest_route=\/wp\/v2\/posts"}],"about":[{"href":"http:\/\/www.karate-maulbronn.de\/index.php?rest_route=\/wp\/v2\/types\/post"}],"author":[{"embeddable":true,"href":"http:\/\/www.karate-maulbronn.de\/index.php?rest_route=\/wp\/v2\/users\/8"}],"replies":[{"embeddable":true,"href":"http:\/\/www.karate-maulbronn.de\/index.php?rest_route=%2Fwp%2Fv2%2Fcomments&post=1392"}],"version-history":[{"count":5,"href":"http:\/\/www.karate-maulbronn.de\/index.php?rest_route=\/wp\/v2\/posts\/1392\/revisions"}],"predecessor-version":[{"id":1397,"href":"http:\/\/www.karate-maulbronn.de\/index.php?rest_route=\/wp\/v2\/posts\/1392\/revisions\/1397"}],"wp:attachment":[{"href":"http:\/\/www.karate-maulbronn.de\/index.php?rest_route=%2Fwp%2Fv2%2Fmedia&parent=1392"}],"wp:term":[{"taxonomy":"category","embeddable":true,"href":"http:\/\/www.karate-maulbronn.de\/index.php?rest_route=%2Fwp%2Fv2%2Fcategories&post=1392"},{"taxonomy":"post_tag","embeddable":true,"href":"http:\/\/www.karate-maulbronn.de\/index.php?rest_route=%2Fwp%2Fv2%2Ftags&post=1392"}],"curies":[{"name":"wp","href":"https:\/\/api.w.org\/{rel}","templated":true}]}}