{"id":1277,"date":"2019-12-15T20:16:30","date_gmt":"2019-12-15T19:16:30","guid":{"rendered":"http:\/\/www.karate-maulbronn.de\/?p=1277"},"modified":"2019-12-15T20:16:30","modified_gmt":"2019-12-15T19:16:30","slug":"guertelpruefungen-vor-weihnachten","status":"publish","type":"post","link":"http:\/\/www.karate-maulbronn.de\/?p=1277","title":{"rendered":"G\u00fcrtelpr\u00fcfungen vor Weihnachten"},"content":{"rendered":"<p>Wie \u00fcblich fanden beim Karateverein Maulbronn kurz vor Weihnachten wieder G\u00fcrtelpr\u00fcfungen statt.<\/p>\n<p>14 Pr\u00fcflinge stellten sich dieses Mal der Pr\u00fcfung. Alle zeigten ihre Techniken zu Pr\u00fcfer Stephan Kracks Zufriedenheit. So d\u00fcrfen daher nun ihren neuen Kyu-Grad tragen.<\/p>\n<p>Im einzelnen waren es:<\/p>\n<p>9. Kyu (gelb-wei\u00df): Leonhard Kalkhofen, Agnesa Limanaj, Fabian Meyer, Maximilian W\u00e4chter<\/p>\n<p>8. Kyu (gelb): Paul Baier, Josefine Behrenz-Miedl, Henri Fuchs, Helge Geisel, Viktoria Geisel, Sarah Reschke<\/p>\n<p>1. Kyu (braun): Ullrich Appenzeller, Evangelia Minas, Gerhard R\u00e4uchle, Reiner Seethaler<\/p>\n<p>Besonders hervorzuheben ist auch Gerhard R\u00e4uchle, der mit 72 Jahren eine hervorragende Pr\u00fcfung gezeigt hat.<\/p>\n<p>Der Verein gratuliert allen Teilnehmern herzlich zu den tollen Leistungen und der bestandenen Pr\u00fcfung.<\/p>\n<p><a href=\"http:\/\/www.karate-maulbronn.de\/?attachment_id=1278\" rel=\"attachment wp-att-1278\"><img loading=\"lazy\" decoding=\"async\" class=\"alignnone size-full wp-image-1278\" src=\"http:\/\/www.karate-maulbronn.de\/wordpress\/wp-content\/uploads\/2019\/12\/Pruefung_Dez2019_1.jpg\" alt=\"\" width=\"1024\" height=\"768\" srcset=\"http:\/\/www.karate-maulbronn.de\/wordpress\/wp-content\/uploads\/2019\/12\/Pruefung_Dez2019_1.jpg 1024w, http:\/\/www.karate-maulbronn.de\/wordpress\/wp-content\/uploads\/2019\/12\/Pruefung_Dez2019_1-800x600.jpg 800w, http:\/\/www.karate-maulbronn.de\/wordpress\/wp-content\/uploads\/2019\/12\/Pruefung_Dez2019_1-768x576.jpg 768w, http:\/\/www.karate-maulbronn.de\/wordpress\/wp-content\/uploads\/2019\/12\/Pruefung_Dez2019_1-880x660.jpg 880w\" sizes=\"auto, (max-width: 1024px) 100vw, 1024px\" \/><\/a> <a href=\"http:\/\/www.karate-maulbronn.de\/?attachment_id=1279\" rel=\"attachment wp-att-1279\"><img loading=\"lazy\" decoding=\"async\" class=\"alignnone size-full wp-image-1279\" src=\"http:\/\/www.karate-maulbronn.de\/wordpress\/wp-content\/uploads\/2019\/12\/Pruefung_Dez2019_2.jpg\" alt=\"\" width=\"1024\" height=\"576\" srcset=\"http:\/\/www.karate-maulbronn.de\/wordpress\/wp-content\/uploads\/2019\/12\/Pruefung_Dez2019_2.jpg 1024w, http:\/\/www.karate-maulbronn.de\/wordpress\/wp-content\/uploads\/2019\/12\/Pruefung_Dez2019_2-800x450.jpg 800w, http:\/\/www.karate-maulbronn.de\/wordpress\/wp-content\/uploads\/2019\/12\/Pruefung_Dez2019_2-768x432.jpg 768w\" sizes=\"auto, (max-width: 1024px) 100vw, 1024px\" \/><\/a><\/p>\n","protected":false},"excerpt":{"rendered":"<p>Wie \u00fcblich fanden beim Karateverein Maulbronn kurz vor Weihnachten wieder G\u00fcrtelpr\u00fcfungen statt. 14 Pr\u00fcflinge stellten sich dieses Mal der Pr\u00fcfung. Alle zeigten ihre Techniken zu Pr\u00fcfer Stephan Kracks Zufriedenheit. So d\u00fcrfen daher nun ihren neuen Kyu-Grad tragen. Im einzelnen waren es: 9. Kyu (gelb-wei\u00df): Leonhard Kalkhofen, Agnesa Limanaj, Fabian Meyer, Maximilian W\u00e4chter 8. Kyu (gelb): [&hellip;]<\/p>\n","protected":false},"author":8,"featured_media":0,"comment_status":"closed","ping_status":"closed","sticky":false,"template":"","format":"standard","meta":{"footnotes":""},"categories":[1],"tags":[],"class_list":["post-1277","post","type-post","status-publish","format-standard","hentry","category-allgemein"],"_links":{"self":[{"href":"http:\/\/www.karate-maulbronn.de\/index.php?rest_route=\/wp\/v2\/posts\/1277","targetHints":{"allow":["GET"]}}],"collection":[{"href":"http:\/\/www.karate-maulbronn.de\/index.php?rest_route=\/wp\/v2\/posts"}],"about":[{"href":"http:\/\/www.karate-maulbronn.de\/index.php?rest_route=\/wp\/v2\/types\/post"}],"author":[{"embeddable":true,"href":"http:\/\/www.karate-maulbronn.de\/index.php?rest_route=\/wp\/v2\/users\/8"}],"replies":[{"embeddable":true,"href":"http:\/\/www.karate-maulbronn.de\/index.php?rest_route=%2Fwp%2Fv2%2Fcomments&post=1277"}],"version-history":[{"count":1,"href":"http:\/\/www.karate-maulbronn.de\/index.php?rest_route=\/wp\/v2\/posts\/1277\/revisions"}],"predecessor-version":[{"id":1280,"href":"http:\/\/www.karate-maulbronn.de\/index.php?rest_route=\/wp\/v2\/posts\/1277\/revisions\/1280"}],"wp:attachment":[{"href":"http:\/\/www.karate-maulbronn.de\/index.php?rest_route=%2Fwp%2Fv2%2Fmedia&parent=1277"}],"wp:term":[{"taxonomy":"category","embeddable":true,"href":"http:\/\/www.karate-maulbronn.de\/index.php?rest_route=%2Fwp%2Fv2%2Fcategories&post=1277"},{"taxonomy":"post_tag","embeddable":true,"href":"http:\/\/www.karate-maulbronn.de\/index.php?rest_route=%2Fwp%2Fv2%2Ftags&post=1277"}],"curies":[{"name":"wp","href":"https:\/\/api.w.org\/{rel}","templated":true}]}}