{"id":1183,"date":"2019-07-14T18:39:23","date_gmt":"2019-07-14T16:39:23","guid":{"rendered":"http:\/\/59261093.swh.strato-hosting.eu\/wordpress\/?p=1183"},"modified":"2019-07-14T18:51:53","modified_gmt":"2019-07-14T16:51:53","slug":"guertelpruefungen-im-sommer-2","status":"publish","type":"post","link":"http:\/\/www.karate-maulbronn.de\/?p=1183","title":{"rendered":"G\u00fcrtelpr\u00fcfungen im Sommer"},"content":{"rendered":"<p>Wie \u00fcblich im Juli fanden auch dieses Jahr G\u00fcrtelpr\u00fcfungen beim Karateverein Maulbronn statt.<\/p>\n<p>Insgesamt 13 Leute stellten sich den Pr\u00fcfern und bestanden alle ihre Pr\u00fcfung nach guten Leistungen.<\/p>\n<p>Im einzelnen waren es:<\/p>\n<p>8. Kyu (gelb): Paul Baier, Henri Fuchs, Leni R\u00f6nnfeldt<\/p>\n<p>6. Kyu (gr\u00fcn): Elena Dippon, Alexandra H\u00f6fchen, Oliver H\u00f6fchen, Mavin Krack, Annabelle Mauch, Paula Schiffmann<\/p>\n<p>5. Kyu (blau): Michael Schm\u00e4l<\/p>\n<p>2. Kyu (braun): Ulrich Appenzeller, Evangelia Minas<\/p>\n<p>Der Verein gratuliert herzlich zu den bestandenen Pr\u00fcfungen.<\/p>\n<p><a href=\"http:\/\/59261093.swh.strato-hosting.eu\/wordpress\/?attachment_id=1184\" rel=\"attachment wp-att-1184\"><img loading=\"lazy\" decoding=\"async\" class=\"alignnone size-full wp-image-1184\" src=\"http:\/\/59261093.swh.strato-hosting.eu\/wordpress\/wp-content\/uploads\/2019\/07\/PruefungSommer2019_Erwachsene_k.jpg\" alt=\"\" width=\"1024\" height=\"576\" srcset=\"http:\/\/www.karate-maulbronn.de\/wordpress\/wp-content\/uploads\/2019\/07\/PruefungSommer2019_Erwachsene_k.jpg 1024w, http:\/\/www.karate-maulbronn.de\/wordpress\/wp-content\/uploads\/2019\/07\/PruefungSommer2019_Erwachsene_k-800x450.jpg 800w, http:\/\/www.karate-maulbronn.de\/wordpress\/wp-content\/uploads\/2019\/07\/PruefungSommer2019_Erwachsene_k-768x432.jpg 768w\" sizes=\"auto, (max-width: 1024px) 100vw, 1024px\" \/><\/a> <a href=\"http:\/\/59261093.swh.strato-hosting.eu\/wordpress\/?attachment_id=1185\" rel=\"attachment wp-att-1185\"><img loading=\"lazy\" decoding=\"async\" class=\"alignnone size-full wp-image-1185\" src=\"http:\/\/59261093.swh.strato-hosting.eu\/wordpress\/wp-content\/uploads\/2019\/07\/PruefungSommer2019_Kinder_k.jpg\" alt=\"\" width=\"1024\" height=\"576\" srcset=\"http:\/\/www.karate-maulbronn.de\/wordpress\/wp-content\/uploads\/2019\/07\/PruefungSommer2019_Kinder_k.jpg 1024w, http:\/\/www.karate-maulbronn.de\/wordpress\/wp-content\/uploads\/2019\/07\/PruefungSommer2019_Kinder_k-800x450.jpg 800w, http:\/\/www.karate-maulbronn.de\/wordpress\/wp-content\/uploads\/2019\/07\/PruefungSommer2019_Kinder_k-768x432.jpg 768w\" sizes=\"auto, (max-width: 1024px) 100vw, 1024px\" \/><\/a><\/p>\n","protected":false},"excerpt":{"rendered":"<p>Wie \u00fcblich im Juli fanden auch dieses Jahr G\u00fcrtelpr\u00fcfungen beim Karateverein Maulbronn statt. Insgesamt 13 Leute stellten sich den Pr\u00fcfern und bestanden alle ihre Pr\u00fcfung nach guten Leistungen. Im einzelnen waren es: 8. Kyu (gelb): Paul Baier, Henri Fuchs, Leni R\u00f6nnfeldt 6. Kyu (gr\u00fcn): Elena Dippon, Alexandra H\u00f6fchen, Oliver H\u00f6fchen, Mavin Krack, Annabelle Mauch, Paula [&hellip;]<\/p>\n","protected":false},"author":8,"featured_media":0,"comment_status":"closed","ping_status":"closed","sticky":false,"template":"","format":"standard","meta":{"footnotes":""},"categories":[1],"tags":[],"class_list":["post-1183","post","type-post","status-publish","format-standard","hentry","category-allgemein"],"_links":{"self":[{"href":"http:\/\/www.karate-maulbronn.de\/index.php?rest_route=\/wp\/v2\/posts\/1183","targetHints":{"allow":["GET"]}}],"collection":[{"href":"http:\/\/www.karate-maulbronn.de\/index.php?rest_route=\/wp\/v2\/posts"}],"about":[{"href":"http:\/\/www.karate-maulbronn.de\/index.php?rest_route=\/wp\/v2\/types\/post"}],"author":[{"embeddable":true,"href":"http:\/\/www.karate-maulbronn.de\/index.php?rest_route=\/wp\/v2\/users\/8"}],"replies":[{"embeddable":true,"href":"http:\/\/www.karate-maulbronn.de\/index.php?rest_route=%2Fwp%2Fv2%2Fcomments&post=1183"}],"version-history":[{"count":2,"href":"http:\/\/www.karate-maulbronn.de\/index.php?rest_route=\/wp\/v2\/posts\/1183\/revisions"}],"predecessor-version":[{"id":1189,"href":"http:\/\/www.karate-maulbronn.de\/index.php?rest_route=\/wp\/v2\/posts\/1183\/revisions\/1189"}],"wp:attachment":[{"href":"http:\/\/www.karate-maulbronn.de\/index.php?rest_route=%2Fwp%2Fv2%2Fmedia&parent=1183"}],"wp:term":[{"taxonomy":"category","embeddable":true,"href":"http:\/\/www.karate-maulbronn.de\/index.php?rest_route=%2Fwp%2Fv2%2Fcategories&post=1183"},{"taxonomy":"post_tag","embeddable":true,"href":"http:\/\/www.karate-maulbronn.de\/index.php?rest_route=%2Fwp%2Fv2%2Ftags&post=1183"}],"curies":[{"name":"wp","href":"https:\/\/api.w.org\/{rel}","templated":true}]}}