{"id":1113,"date":"2019-01-03T02:47:49","date_gmt":"2019-01-03T00:47:49","guid":{"rendered":"http:\/\/59261093.swh.strato-hosting.eu\/wordpress\/?p=1113"},"modified":"2019-01-04T13:58:15","modified_gmt":"2019-01-04T11:58:15","slug":"neue-einsteigerkurse-ab-januar","status":"publish","type":"post","link":"http:\/\/www.karate-maulbronn.de\/?p=1113","title":{"rendered":"Neue Einsteigerkurse ab Januar"},"content":{"rendered":"<p>Im Januar beginnen beim Karateverein Maulbronn wieder neue Einsteigerkurse.<br \/>\nDer Kurs f\u00fcr Kinder und Jugendliche ab 6 bis 18 Jahren startet am 09. Januar 2019. Ein Einstieg ist ab da an jedem Mittwoch- und Freitagabend bis zum 25.01.2019 m\u00f6glich. Das Training findet in der Silahopphalle, der Sporthalle der Maulbonner Grund- und Hauptschule, statt.<br \/>\nTraining ist mittwochs 17:30-18:30 und freitags 16:00-17:15.<\/p>\n<p>F\u00fcr Erwachsene ab 18 Jahren gibt es einen Kurs ebenfalls ab dem 09.01.2019. Der Einstieg ist hier problemlos bis zum 23.01.19 m\u00f6glich. Er findet am gleichen Ort von 19:45 bis 21:15 statt. Training ist dann immer mittwochs.<\/p>\n<p>In 10 Trainingseinheiten lernt ihr in beiden Kursen jeweils die Grundlagen des Karate kennen.<br \/>\nEs sind keine Vorkenntnisse n\u00f6tig. Man ben\u00f6tigt keine Vereinsmitgliedschaft.<\/p>\n<p>Der Kurs kostet einmalig 40\u20ac.<\/p>\n<p>Hier findet ihr die Kontaktdaten unserer beider Trainer f\u00fcr die Kurse. Sie stehen auch f\u00fcr jegliche Fragen zu den Kursen zur Verf\u00fcgung.<\/p>\n<p>D\u00e9sir\u00e9e Gode-Elchlepp [3. Dan]<br \/>\n0171\/3506742 | rehelch@web.de<\/p>\n<p>Stephan Krack [3. Dan]<br \/>\n07041\/83177 | bskrack@aol.com<\/p>\n<p>Wir w\u00fcrden uns freuen, euch im Training begr\u00fc\u00dfen zu d\u00fcrfen.<\/p>\n","protected":false},"excerpt":{"rendered":"<p>Im Januar beginnen beim Karateverein Maulbronn wieder neue Einsteigerkurse. Der Kurs f\u00fcr Kinder und Jugendliche ab 6 bis 18 Jahren startet am 09. Januar 2019. Ein Einstieg ist ab da an jedem Mittwoch- und Freitagabend bis zum 25.01.2019 m\u00f6glich. Das Training findet in der Silahopphalle, der Sporthalle der Maulbonner Grund- und Hauptschule, statt. Training ist [&hellip;]<\/p>\n","protected":false},"author":8,"featured_media":0,"comment_status":"closed","ping_status":"closed","sticky":false,"template":"","format":"standard","meta":{"footnotes":""},"categories":[1],"tags":[],"class_list":["post-1113","post","type-post","status-publish","format-standard","hentry","category-allgemein"],"_links":{"self":[{"href":"http:\/\/www.karate-maulbronn.de\/index.php?rest_route=\/wp\/v2\/posts\/1113","targetHints":{"allow":["GET"]}}],"collection":[{"href":"http:\/\/www.karate-maulbronn.de\/index.php?rest_route=\/wp\/v2\/posts"}],"about":[{"href":"http:\/\/www.karate-maulbronn.de\/index.php?rest_route=\/wp\/v2\/types\/post"}],"author":[{"embeddable":true,"href":"http:\/\/www.karate-maulbronn.de\/index.php?rest_route=\/wp\/v2\/users\/8"}],"replies":[{"embeddable":true,"href":"http:\/\/www.karate-maulbronn.de\/index.php?rest_route=%2Fwp%2Fv2%2Fcomments&post=1113"}],"version-history":[{"count":2,"href":"http:\/\/www.karate-maulbronn.de\/index.php?rest_route=\/wp\/v2\/posts\/1113\/revisions"}],"predecessor-version":[{"id":1122,"href":"http:\/\/www.karate-maulbronn.de\/index.php?rest_route=\/wp\/v2\/posts\/1113\/revisions\/1122"}],"wp:attachment":[{"href":"http:\/\/www.karate-maulbronn.de\/index.php?rest_route=%2Fwp%2Fv2%2Fmedia&parent=1113"}],"wp:term":[{"taxonomy":"category","embeddable":true,"href":"http:\/\/www.karate-maulbronn.de\/index.php?rest_route=%2Fwp%2Fv2%2Fcategories&post=1113"},{"taxonomy":"post_tag","embeddable":true,"href":"http:\/\/www.karate-maulbronn.de\/index.php?rest_route=%2Fwp%2Fv2%2Ftags&post=1113"}],"curies":[{"name":"wp","href":"https:\/\/api.w.org\/{rel}","templated":true}]}}