{"id":1097,"date":"2018-12-11T01:35:53","date_gmt":"2018-12-10T23:35:53","guid":{"rendered":"http:\/\/59261093.swh.strato-hosting.eu\/wordpress\/?p=1097"},"modified":"2018-12-11T01:38:07","modified_gmt":"2018-12-10T23:38:07","slug":"weihnachtszeit","status":"publish","type":"post","link":"http:\/\/www.karate-maulbronn.de\/?p=1097","title":{"rendered":"Weihnachtszeit"},"content":{"rendered":"<p>Auch beim Karateverein hat die Weihnachtszeit Einzug gehalten.<\/p>\n<p>Am zweiten Adventswochenende war der Verein mit einem Stand auf dem Maulbronner Weihnachtsmarkt vertreten. Die angebotenen Waffeln fanden zusammen mit Kakao und, neu, auch Gl\u00fchwein gro\u00dfen Anklang.<\/p>\n<p>Der Verein m\u00f6chte sich noch einmal bei allen Mitgliedern bedanken, die am Weihnachtsmarktstand tatkr\u00e4ftig geholfen haben.<\/p>\n<p>Aufgrund der Weihnachtsferien findet das letzte Training des Vereins, beziehungsweise das Eislaufen f\u00fcr die j\u00fcngeren Mitglieder, am 21.12. statt. Danach geht es wieder am 07. Januar mit dem Training weiter.<\/p>\n<p>Im Januar werden wieder, wie \u00fcblich, neue Einsteigerkurse starten. Es wird auch wieder einen Kurs speziell f\u00fcr \u00e4ltere Interessierte geben. Genaue Informationen werden rechtzeitig hier bekantgegeben.<\/p>\n<p>Der Verein w\u00fcnscht eine besinnliche Weihnachtszeit und einen guten Start ins neue Jahr.<\/p>\n<p><a href=\"http:\/\/59261093.swh.strato-hosting.eu\/wordpress\/?attachment_id=1098\" rel=\"attachment wp-att-1098\"><img loading=\"lazy\" decoding=\"async\" class=\"alignnone size-full wp-image-1098\" src=\"http:\/\/59261093.swh.strato-hosting.eu\/wordpress\/wp-content\/uploads\/2018\/12\/Weihnachtsmarkt2018_KVM.jpg\" alt=\"\" width=\"576\" height=\"1024\" srcset=\"http:\/\/www.karate-maulbronn.de\/wordpress\/wp-content\/uploads\/2018\/12\/Weihnachtsmarkt2018_KVM.jpg 576w, http:\/\/www.karate-maulbronn.de\/wordpress\/wp-content\/uploads\/2018\/12\/Weihnachtsmarkt2018_KVM-450x800.jpg 450w\" sizes=\"auto, (max-width: 576px) 100vw, 576px\" \/><\/a><\/p>\n","protected":false},"excerpt":{"rendered":"<p>Auch beim Karateverein hat die Weihnachtszeit Einzug gehalten. Am zweiten Adventswochenende war der Verein mit einem Stand auf dem Maulbronner Weihnachtsmarkt vertreten. Die angebotenen Waffeln fanden zusammen mit Kakao und, neu, auch Gl\u00fchwein gro\u00dfen Anklang. Der Verein m\u00f6chte sich noch einmal bei allen Mitgliedern bedanken, die am Weihnachtsmarktstand tatkr\u00e4ftig geholfen haben. Aufgrund der Weihnachtsferien findet [&hellip;]<\/p>\n","protected":false},"author":8,"featured_media":0,"comment_status":"closed","ping_status":"closed","sticky":false,"template":"","format":"standard","meta":{"footnotes":""},"categories":[1],"tags":[],"class_list":["post-1097","post","type-post","status-publish","format-standard","hentry","category-allgemein"],"_links":{"self":[{"href":"http:\/\/www.karate-maulbronn.de\/index.php?rest_route=\/wp\/v2\/posts\/1097","targetHints":{"allow":["GET"]}}],"collection":[{"href":"http:\/\/www.karate-maulbronn.de\/index.php?rest_route=\/wp\/v2\/posts"}],"about":[{"href":"http:\/\/www.karate-maulbronn.de\/index.php?rest_route=\/wp\/v2\/types\/post"}],"author":[{"embeddable":true,"href":"http:\/\/www.karate-maulbronn.de\/index.php?rest_route=\/wp\/v2\/users\/8"}],"replies":[{"embeddable":true,"href":"http:\/\/www.karate-maulbronn.de\/index.php?rest_route=%2Fwp%2Fv2%2Fcomments&post=1097"}],"version-history":[{"count":3,"href":"http:\/\/www.karate-maulbronn.de\/index.php?rest_route=\/wp\/v2\/posts\/1097\/revisions"}],"predecessor-version":[{"id":1101,"href":"http:\/\/www.karate-maulbronn.de\/index.php?rest_route=\/wp\/v2\/posts\/1097\/revisions\/1101"}],"wp:attachment":[{"href":"http:\/\/www.karate-maulbronn.de\/index.php?rest_route=%2Fwp%2Fv2%2Fmedia&parent=1097"}],"wp:term":[{"taxonomy":"category","embeddable":true,"href":"http:\/\/www.karate-maulbronn.de\/index.php?rest_route=%2Fwp%2Fv2%2Fcategories&post=1097"},{"taxonomy":"post_tag","embeddable":true,"href":"http:\/\/www.karate-maulbronn.de\/index.php?rest_route=%2Fwp%2Fv2%2Ftags&post=1097"}],"curies":[{"name":"wp","href":"https:\/\/api.w.org\/{rel}","templated":true}]}}