{"id":1082,"date":"2018-10-21T23:28:38","date_gmt":"2018-10-21T21:28:38","guid":{"rendered":"http:\/\/59261093.swh.strato-hosting.eu\/wordpress\/?p=1082"},"modified":"2018-10-28T09:34:10","modified_gmt":"2018-10-28T07:34:10","slug":"der-maulbronner-roba-klostercup-wieder-ein-voller-erfolg-fuer-nachwuchs-karatekaempfer","status":"publish","type":"post","link":"http:\/\/www.karate-maulbronn.de\/?p=1082","title":{"rendered":"Der Maulbronner Roba KlosterCup wieder ein voller Erfolg f\u00fcr Nachwuchs-Karatek\u00e4mpfer"},"content":{"rendered":"<p>Am Samstag, den 13.10., fand zum 12. Male der j\u00e4hrlich stattfindende Roba Klostercup in der Schefenackerhalle in Maulbronn statt. Mit \u00fcber 200 Teilnehmern und 243 Starts war es eines der am bestbesuchten Turniere der letzten Jahre. 27 Vereine aus ganz Baden-W\u00fcrttemberg folgten der Einladung des Maulbronner Karateverein und schickten ihre Athleten in die Klosterstadt. In diesem Jahr wurde das System der vergangenen Jahre weiter verfeinert. Erstmals konnten absolute Turnieranf\u00e4nger in eigenen Gruppen starten, um mehr Chancengleichheit zu erzielen. Um den Wettk\u00e4mpfern m\u00f6glichst viele K\u00e4mpfe zu erm\u00f6glichen, wurde bei bis zu zehn Teilnehmern pro Gruppe ein Doppeltabellensystem genutzt. Bis zu f\u00fcnf Teilnehmer pro Gruppe k\u00e4mpften jeder gegen jeden und die jeweiligen Tabellengewinner standen dann im Finale. Dadurch wurde erreicht, dass die Sportler m\u00f6glichst viele K\u00e4mpfe haben, um sich mit vielen Gegnern zu messen. Viele erfahrene Athleten der Disziplin Kata nutzten die Gelegenheit beim Roba-Klostercup zus\u00e4tzlich zu ihrer angestammten Wettkampfdisziplin auch in der Disziplin Kumite in den jeweiligen Anf\u00e4ngerkategorien zu starten. In fast allen Alterskategorien konnten so entsprechende Erststarterpools gebildet werden.<\/p>\n<p>Auch der Maulbronner Karateverein hatte einige Athleten am Start. Mailin Goldenbogen konnte den 3. Platz erreichen, w\u00e4hrend Sina Duda in zwei K\u00e4mpfe gewinnen und zwei K\u00e4mpfe verlor und damit auf dem undankbaren 4. Platz landete. Im Team starteten die Beiden dann erneut und konnten hier einen hervorragenden 3. Platz erzielen.<\/p>\n<p>Bei den Kata-Wettkampfen erreichte Elena Dippon den sensationellen ersten Platz. Annabelle Mauch und David Roman wurden in ihren jeweiligen Klassen dritte.<\/p>\n<p>Von den teilnehmenden Vereinen gab es durchweg nur positiven Stimmen.Trotz des gro\u00dfen Aufwandes ein solches Turnier auszurichten, das nur durch die tatkr\u00e4ftige Unterst\u00fctzung vieler Vereinsmitglieder, Eltern der Kinder, Freunde und Verwandte \u00fcberhaupt erst m\u00f6glich ist, werden wir auch im kommenden Jahr den Roba-KlosterCup ausrichten.<\/p>\n<p>Vielen Dank nochmals an alle Helfer und Unterst\u00fctzer.<\/p>\n<p>&nbsp;<\/p>\n<p><a href=\"http:\/\/59261093.swh.strato-hosting.eu\/wordpress\/?attachment_id=1084\" rel=\"attachment wp-att-1084\"><img loading=\"lazy\" decoding=\"async\" class=\"alignnone size-full wp-image-1084\" src=\"http:\/\/59261093.swh.strato-hosting.eu\/wordpress\/wp-content\/uploads\/2018\/10\/Roba2018_2.jpg\" alt=\"\" width=\"1024\" height=\"678\" srcset=\"http:\/\/www.karate-maulbronn.de\/wordpress\/wp-content\/uploads\/2018\/10\/Roba2018_2.jpg 1024w, http:\/\/www.karate-maulbronn.de\/wordpress\/wp-content\/uploads\/2018\/10\/Roba2018_2-800x530.jpg 800w, http:\/\/www.karate-maulbronn.de\/wordpress\/wp-content\/uploads\/2018\/10\/Roba2018_2-768x509.jpg 768w\" sizes=\"auto, (max-width: 1024px) 100vw, 1024px\" \/><\/a><\/p>\n<p><a href=\"http:\/\/59261093.swh.strato-hosting.eu\/wordpress\/?attachment_id=1083\" rel=\"attachment wp-att-1083\"><img loading=\"lazy\" decoding=\"async\" class=\"alignnone size-full wp-image-1083\" src=\"http:\/\/59261093.swh.strato-hosting.eu\/wordpress\/wp-content\/uploads\/2018\/10\/Roba2018_1.jpg\" alt=\"\" width=\"1024\" height=\"678\" srcset=\"http:\/\/www.karate-maulbronn.de\/wordpress\/wp-content\/uploads\/2018\/10\/Roba2018_1.jpg 1024w, http:\/\/www.karate-maulbronn.de\/wordpress\/wp-content\/uploads\/2018\/10\/Roba2018_1-800x530.jpg 800w, http:\/\/www.karate-maulbronn.de\/wordpress\/wp-content\/uploads\/2018\/10\/Roba2018_1-768x509.jpg 768w\" sizes=\"auto, (max-width: 1024px) 100vw, 1024px\" \/><\/a><\/p>\n","protected":false},"excerpt":{"rendered":"<p>Am Samstag, den 13.10., fand zum 12. Male der j\u00e4hrlich stattfindende Roba Klostercup in der Schefenackerhalle in Maulbronn statt. Mit \u00fcber 200 Teilnehmern und 243 Starts war es eines der am bestbesuchten Turniere der letzten Jahre. 27 Vereine aus ganz Baden-W\u00fcrttemberg folgten der Einladung des Maulbronner Karateverein und schickten ihre Athleten in die Klosterstadt. In [&hellip;]<\/p>\n","protected":false},"author":8,"featured_media":0,"comment_status":"closed","ping_status":"closed","sticky":false,"template":"","format":"standard","meta":{"footnotes":""},"categories":[1],"tags":[],"class_list":["post-1082","post","type-post","status-publish","format-standard","hentry","category-allgemein"],"_links":{"self":[{"href":"http:\/\/www.karate-maulbronn.de\/index.php?rest_route=\/wp\/v2\/posts\/1082","targetHints":{"allow":["GET"]}}],"collection":[{"href":"http:\/\/www.karate-maulbronn.de\/index.php?rest_route=\/wp\/v2\/posts"}],"about":[{"href":"http:\/\/www.karate-maulbronn.de\/index.php?rest_route=\/wp\/v2\/types\/post"}],"author":[{"embeddable":true,"href":"http:\/\/www.karate-maulbronn.de\/index.php?rest_route=\/wp\/v2\/users\/8"}],"replies":[{"embeddable":true,"href":"http:\/\/www.karate-maulbronn.de\/index.php?rest_route=%2Fwp%2Fv2%2Fcomments&post=1082"}],"version-history":[{"count":3,"href":"http:\/\/www.karate-maulbronn.de\/index.php?rest_route=\/wp\/v2\/posts\/1082\/revisions"}],"predecessor-version":[{"id":1088,"href":"http:\/\/www.karate-maulbronn.de\/index.php?rest_route=\/wp\/v2\/posts\/1082\/revisions\/1088"}],"wp:attachment":[{"href":"http:\/\/www.karate-maulbronn.de\/index.php?rest_route=%2Fwp%2Fv2%2Fmedia&parent=1082"}],"wp:term":[{"taxonomy":"category","embeddable":true,"href":"http:\/\/www.karate-maulbronn.de\/index.php?rest_route=%2Fwp%2Fv2%2Fcategories&post=1082"},{"taxonomy":"post_tag","embeddable":true,"href":"http:\/\/www.karate-maulbronn.de\/index.php?rest_route=%2Fwp%2Fv2%2Ftags&post=1082"}],"curies":[{"name":"wp","href":"https:\/\/api.w.org\/{rel}","templated":true}]}}