{"id":1072,"date":"2018-10-08T21:30:42","date_gmt":"2018-10-08T19:30:42","guid":{"rendered":"http:\/\/59261093.swh.strato-hosting.eu\/wordpress\/?p=1072"},"modified":"2018-10-08T21:34:00","modified_gmt":"2018-10-08T19:34:00","slug":"vize-landesmeistertitel-fuer-david-roman","status":"publish","type":"post","link":"http:\/\/www.karate-maulbronn.de\/?p=1072","title":{"rendered":"Vize-Landesmeistertitel f\u00fcr David Roman"},"content":{"rendered":"<p>Am Samstag, den 06.10.18, fanden in Eppingen die diesj\u00e4hrige Baden-W\u00fcrttembergischen Landesmeisterschaften der Kinder und Sch\u00fcler statt. Das mit 286 Teilnehmern gut besuchte Turnier ist das Pflichtturnier f\u00fcr die Qualifikation f\u00fcr die Teilnahme an den deutschen Meisterschaften.<\/p>\n<p>Der KV Maulbronn startete erstmals wieder in der Disziplin Kata und setzte gleich ein deutliches Zeichen. Der\u00a0 Der erst 8-j\u00e4hrige Karateka David startete bei den Kindern bis 10 Jahre erstmals bei einer Landesmeisterschaft und konnte auf Anhieb die Silber-Medaille gewinnen. In seinem ersten Kampf traf er auf Jim Alf vom KDK Sasbach, gegen den er mit 5:0 Punkten klar gewann. David zeigte eine fehlerlose Gekisai dai Ichi-Kata. In der zweiten Runde traf er auf Janis M\u00fcnch vom SV B\u00f6blingen. David zeigte eine starke Kata Shisochin und konnte auch diesen Kampf mit 4:1 Punkten f\u00fcr sich entscheiden. Im darauffolgenden Kampf ums Poolfinale traf er auf Andrej Kistner vom SV Walld\u00fcrn. Bei den Kindern d\u00fcrfen die Wettk\u00e4mpfer ihre Katas wiederholen, nur nicht direkt hintereinander die gleiche zeigen. David zeigte wiederum die Gekisai dai Ichi, sein Gegner eine wesentlich h\u00f6here Kata. Trotz der niedrigeren Kata gewann David mit 3:2 Punkten aufgrund der besseren Ausf\u00fchrung. \u00a0Im Finale traf er auf Maximilian Floss, gegen den er mit 2:3 Punkten knapp unterlag.<\/p>\n<p>David Roman trainiert in Maulbronn seit 1,5 Jahren bei M\u00fccahit Demirel, genannt M\u00fcke, der vor zwei Jahren zu seinem Heimatverein zur\u00fcckgekehrt war. Er macht seit \u00fcber 20 Jahren erfolgreich Anf\u00e4ngerkurse f\u00fcr Jung und Alt und ist ein sehr erfolgreicher Wettkampftrainer im Leistungssport der Stilrichtung Goju-Ryu. Er hat viele Landeskader- und Bundeskaderathleten aufgebaut und \u00fcber Jahre hinweg begleitet.<\/p>\n<p><a href=\"http:\/\/59261093.swh.strato-hosting.eu\/wordpress\/?attachment_id=1073\" rel=\"attachment wp-att-1073\"><img loading=\"lazy\" decoding=\"async\" class=\"alignnone size-full wp-image-1073\" src=\"http:\/\/59261093.swh.strato-hosting.eu\/wordpress\/wp-content\/uploads\/2018\/10\/IMG_1973.jpg\" alt=\"\" width=\"976\" height=\"1348\" srcset=\"http:\/\/www.karate-maulbronn.de\/wordpress\/wp-content\/uploads\/2018\/10\/IMG_1973.jpg 976w, http:\/\/www.karate-maulbronn.de\/wordpress\/wp-content\/uploads\/2018\/10\/IMG_1973-579x800.jpg 579w, http:\/\/www.karate-maulbronn.de\/wordpress\/wp-content\/uploads\/2018\/10\/IMG_1973-768x1061.jpg 768w, http:\/\/www.karate-maulbronn.de\/wordpress\/wp-content\/uploads\/2018\/10\/IMG_1973-741x1024.jpg 741w\" sizes=\"auto, (max-width: 976px) 100vw, 976px\" \/><\/a><\/p>\n","protected":false},"excerpt":{"rendered":"<p>Am Samstag, den 06.10.18, fanden in Eppingen die diesj\u00e4hrige Baden-W\u00fcrttembergischen Landesmeisterschaften der Kinder und Sch\u00fcler statt. Das mit 286 Teilnehmern gut besuchte Turnier ist das Pflichtturnier f\u00fcr die Qualifikation f\u00fcr die Teilnahme an den deutschen Meisterschaften. Der KV Maulbronn startete erstmals wieder in der Disziplin Kata und setzte gleich ein deutliches Zeichen. Der\u00a0 Der erst [&hellip;]<\/p>\n","protected":false},"author":8,"featured_media":0,"comment_status":"closed","ping_status":"closed","sticky":false,"template":"","format":"standard","meta":{"footnotes":""},"categories":[1],"tags":[],"class_list":["post-1072","post","type-post","status-publish","format-standard","hentry","category-allgemein"],"_links":{"self":[{"href":"http:\/\/www.karate-maulbronn.de\/index.php?rest_route=\/wp\/v2\/posts\/1072","targetHints":{"allow":["GET"]}}],"collection":[{"href":"http:\/\/www.karate-maulbronn.de\/index.php?rest_route=\/wp\/v2\/posts"}],"about":[{"href":"http:\/\/www.karate-maulbronn.de\/index.php?rest_route=\/wp\/v2\/types\/post"}],"author":[{"embeddable":true,"href":"http:\/\/www.karate-maulbronn.de\/index.php?rest_route=\/wp\/v2\/users\/8"}],"replies":[{"embeddable":true,"href":"http:\/\/www.karate-maulbronn.de\/index.php?rest_route=%2Fwp%2Fv2%2Fcomments&post=1072"}],"version-history":[{"count":4,"href":"http:\/\/www.karate-maulbronn.de\/index.php?rest_route=\/wp\/v2\/posts\/1072\/revisions"}],"predecessor-version":[{"id":1077,"href":"http:\/\/www.karate-maulbronn.de\/index.php?rest_route=\/wp\/v2\/posts\/1072\/revisions\/1077"}],"wp:attachment":[{"href":"http:\/\/www.karate-maulbronn.de\/index.php?rest_route=%2Fwp%2Fv2%2Fmedia&parent=1072"}],"wp:term":[{"taxonomy":"category","embeddable":true,"href":"http:\/\/www.karate-maulbronn.de\/index.php?rest_route=%2Fwp%2Fv2%2Fcategories&post=1072"},{"taxonomy":"post_tag","embeddable":true,"href":"http:\/\/www.karate-maulbronn.de\/index.php?rest_route=%2Fwp%2Fv2%2Ftags&post=1072"}],"curies":[{"name":"wp","href":"https:\/\/api.w.org\/{rel}","templated":true}]}}