{"id":1069,"date":"2018-10-08T21:19:50","date_gmt":"2018-10-08T19:19:50","guid":{"rendered":"http:\/\/59261093.swh.strato-hosting.eu\/wordpress\/?p=1069"},"modified":"2018-10-10T00:27:02","modified_gmt":"2018-10-09T22:27:02","slug":"david-ist-dritter-beim-europa-cup","status":"publish","type":"post","link":"http:\/\/www.karate-maulbronn.de\/?p=1069","title":{"rendered":"Andr\u00e9 Henschel ist dritter beim Europa Cup!"},"content":{"rendered":"<p>Hier ein Bild vom Willkommen im Training f\u00fcr Andr\u00e9, nachdem er zuvor einen sensationellen dritten Platz beim Europa Cup erreicht hatte.<\/p>\n<p><a href=\"http:\/\/59261093.swh.strato-hosting.eu\/wordpress\/?attachment_id=1070\" rel=\"attachment wp-att-1070\"><img loading=\"lazy\" decoding=\"async\" class=\"alignnone size-full wp-image-1070\" src=\"http:\/\/59261093.swh.strato-hosting.eu\/wordpress\/wp-content\/uploads\/2018\/10\/EuropaCup2018_1.jpg\" alt=\"\" width=\"1024\" height=\"576\" srcset=\"http:\/\/www.karate-maulbronn.de\/wordpress\/wp-content\/uploads\/2018\/10\/EuropaCup2018_1.jpg 1024w, http:\/\/www.karate-maulbronn.de\/wordpress\/wp-content\/uploads\/2018\/10\/EuropaCup2018_1-800x450.jpg 800w, http:\/\/www.karate-maulbronn.de\/wordpress\/wp-content\/uploads\/2018\/10\/EuropaCup2018_1-768x432.jpg 768w\" sizes=\"auto, (max-width: 1024px) 100vw, 1024px\" \/><\/a><\/p>\n","protected":false},"excerpt":{"rendered":"<p>Hier ein Bild vom Willkommen im Training f\u00fcr Andr\u00e9, nachdem er zuvor einen sensationellen dritten Platz beim Europa Cup erreicht hatte.<\/p>\n","protected":false},"author":8,"featured_media":0,"comment_status":"closed","ping_status":"closed","sticky":false,"template":"","format":"standard","meta":{"footnotes":""},"categories":[1],"tags":[],"class_list":["post-1069","post","type-post","status-publish","format-standard","hentry","category-allgemein"],"_links":{"self":[{"href":"http:\/\/www.karate-maulbronn.de\/index.php?rest_route=\/wp\/v2\/posts\/1069","targetHints":{"allow":["GET"]}}],"collection":[{"href":"http:\/\/www.karate-maulbronn.de\/index.php?rest_route=\/wp\/v2\/posts"}],"about":[{"href":"http:\/\/www.karate-maulbronn.de\/index.php?rest_route=\/wp\/v2\/types\/post"}],"author":[{"embeddable":true,"href":"http:\/\/www.karate-maulbronn.de\/index.php?rest_route=\/wp\/v2\/users\/8"}],"replies":[{"embeddable":true,"href":"http:\/\/www.karate-maulbronn.de\/index.php?rest_route=%2Fwp%2Fv2%2Fcomments&post=1069"}],"version-history":[{"count":2,"href":"http:\/\/www.karate-maulbronn.de\/index.php?rest_route=\/wp\/v2\/posts\/1069\/revisions"}],"predecessor-version":[{"id":1080,"href":"http:\/\/www.karate-maulbronn.de\/index.php?rest_route=\/wp\/v2\/posts\/1069\/revisions\/1080"}],"wp:attachment":[{"href":"http:\/\/www.karate-maulbronn.de\/index.php?rest_route=%2Fwp%2Fv2%2Fmedia&parent=1069"}],"wp:term":[{"taxonomy":"category","embeddable":true,"href":"http:\/\/www.karate-maulbronn.de\/index.php?rest_route=%2Fwp%2Fv2%2Fcategories&post=1069"},{"taxonomy":"post_tag","embeddable":true,"href":"http:\/\/www.karate-maulbronn.de\/index.php?rest_route=%2Fwp%2Fv2%2Ftags&post=1069"}],"curies":[{"name":"wp","href":"https:\/\/api.w.org\/{rel}","templated":true}]}}